{"help": "https://dados.ufpe.br/sq/api/3/action/help_show?name=datastore_search", "success": true, "result": {"include_total": true, "resource_id": "2f2907f5-70a2-4a22-b24b-1f6f0546e3b8", "fields": [{"type": "int", "id": "_id"}, {"info": {"notes": "Identificador discente", "type_override": "", "label": "ID_DISCENTE"}, "type": "numeric", "id": "ID_DISCENTE"}, {"info": {"notes": "Ano de nascimento do discente", "type_override": "", "label": "ANO_NASCIMENTO"}, "type": "numeric", "id": "ANO_NASCIMENTO"}, {"info": {"notes": "Ano e semestre de ingresso discente", "type_override": "", "label": "PERIODO_INGRESSO"}, "type": "numeric", "id": "PERIODO_INGRESSO"}, {"info": {"notes": "Tipo do processo de ingresso discente\r\n\r\n- CONVENIO\r\n- DIPLOMADO\r\n- DUPLA TITULA\u00c7\u00c3O\r\n- FOR\u00c7A DE LEI\r\n- ISOLADO\r\n- MOBILIDADE ESTUDANTIL\r\n- PROCESSO DE SELE\u00c7\u00c3O\r\n- REINTEGRA\u00c7\u00c3O\r\n- SISU\r\n- SUB-JUDICE\r\n- TRANSFERENCIA EXTERNA\r\n- TRANSFERENCIA INTERNA\r\n- VESTIBULAR", "type_override": "", "label": "TIPO_INGRESSO"}, "type": "text", "id": "TIPO_INGRESSO"}, {"info": {"notes": "Per\u00edodo letivo ao qual referem-se os dados", "type_override": "", "label": "PERIODO_LETIVO"}, "type": "numeric", "id": "PERIODO_LETIVO"}, {"info": {"notes": "Campus onde o discente estuda\r\n\r\n- CAA - Centro Acad\u00eamico do Agreste\r\n- CAV - Centro Acad\u00eamico de Vit\u00f3ria de Santo Ant\u00e3o\r\n- EAD - Educa\u00e7\u00e3o a dist\u00e2ncia", "type_override": "", "label": "CAMPUS"}, "type": "text", "id": "CAMPUS"}, {"info": {"notes": "Identificador INEP do curso de gradua\u00e7\u00e3o", "type_override": "", "label": "CD_INEP"}, "type": "numeric", "id": "CD_INEP"}, {"info": {"notes": "T\u00edtulo do curso de gradua\u00e7\u00e3o", "type_override": "", "label": "CURSO"}, "type": "text", "id": "CURSO"}, {"info": {"notes": "Carga hor\u00e1ria do curso de gradua\u00e7\u00e3o", "type_override": "", "label": "CARGA_HORARIA_CURSO"}, "type": "numeric", "id": "CARGA_HORARIA_CURSO"}, {"info": {"notes": "Turno do curso de gradua\u00e7\u00e3o\r\n\r\n- INTEGRAL\r\n- MANH\u00c3\r\n- TARDE\r\n- TARDE/NOITE\r\n- NOITE", "type_override": "", "label": "TURNO"}, "type": "text", "id": "TURNO"}, {"info": {"notes": "Modalidade de ensino\r\n\r\n- ENSINO A DISTANCIA\r\n- PRESENCIAL", "type_override": "", "label": "MODALIDADE"}, "type": "text", "id": "MODALIDADE"}, {"info": {"notes": "Tipo de cota de ingresso\r\n\r\n- AC - Ampla Concorr\u00eancia\r\n- L1 - Renda igual ou menor que 1,5 do sal\u00e1rio m\u00ednimo\r\n- L2 - Renda igual ou menor que 1,5 do sal\u00e1rio m\u00ednimo e do grupo de pretos, pardos e \u00edndios\r\n- L5 - Renda maior que 1,5 do sal\u00e1rio m\u00ednimo\r\n- L6 - Renda maior que 1,5 do sal\u00e1rio m\u00ednimo e do grupo de pretos, pardos e \u00edndios\r\n- L9 - Deficiente e renda igual ou menor que 1,5 do sal\u00e1rio m\u00ednimo\r\n- L10 - Deficiente, renda igual ou menor que 1,5 do sal\u00e1rio m\u00ednimo e do grupo de pretos, pardos e \u00edndios\r\n- L13 - Deficiente e renda maior que 1,5 do sal\u00e1rio m\u00ednimo\r\n- L14 - Deficiente, renda maior que 1,5 do sal\u00e1rio m\u00ednimo e do grupo de pretos, pardos e \u00edndios", "type_override": "", "label": "COTAS"}, "type": "text", "id": "COTAS"}, {"info": {"notes": "Discente oriundo do sistema p\u00fablico de ensino", "type_override": "", "label": "ESCOLA_PUBLICA"}, "type": "text", "id": "ESCOLA_PUBLICA"}, {"info": {"notes": "V\u00ednculo de bolsa assistencial", "type_override": "", "label": "BLS_ASSIST"}, "type": "text", "id": "BLS_ASSIST"}, {"info": {"notes": "Status da situa\u00e7\u00e3o acad\u00eamica do discente\r\n\r\n- DESLIGAMENTO\r\n- DESVINCULADO\r\n- FORMADO\r\n- INTEGRALIZADO\r\n- MATR\u00cdCULA RECUSADA\r\n- MATR\u00cdCULA V\u00cdNCULO\r\n- MATRICULADO\r\n- MOBILIDADE ESTUDANTIL\r\n- TRANCAMENTO", "type_override": "", "label": "DS_TP_SIT_ACAD"}, "type": "text", "id": "DS_TP_SIT_ACAD"}, {"info": {"notes": "V\u00ednculo de bolsista monitor da Pr\u00f3-Reitoria para Assuntos Acad\u00eamicos\r\n\r\n- N\u00c3O\r\n- SIM", "type_override": "", "label": "MONITOR_PROGRAD"}, "type": "text", "id": "MONITOR_PROGRAD"}, {"info": {"notes": "Sexo\r\n\r\n- M - Masculino\r\n- F - Feminino", "type_override": "", "label": "SEXO"}, "type": "text", "id": "SEXO"}, {"info": {"notes": "Autodeclara\u00e7\u00e3o de cor\r\n\r\n- AMARELA\r\n- BRANCA IND\u00cdGENA\r\n- N\u00c3O DECLARADO\r\n- PARDA\r\n- PRETA", "type_override": "", "label": "COR"}, "type": "text", "id": "COR"}, {"info": {"notes": "Pa\u00eds de nascimento do discente", "type_override": "", "label": "NACIONALIDADE"}, "type": "text", "id": "NACIONALIDADE"}, {"info": {"notes": "Cidade de nascimento do discente", "type_override": "", "label": "CIDADE_NAT"}, "type": "text", "id": "CIDADE_NAT"}, {"info": {"notes": "Estado de nascimento do discente", "type_override": "", "label": "UF_NAT"}, "type": "text", "id": "UF_NAT"}, {"info": {"notes": "Defici\u00eancia", "type_override": "", "label": "DEFIC"}, "type": "text", "id": "DEFIC"}, {"info": {"notes": "Mobilidade acad\u00eamica\r\n\r\n- INTERNACIONAL\r\n- NACIONAL", "type_override": "", "label": "MOB_ACAD"}, "type": "text", "id": "MOB_ACAD"}, {"info": {"notes": "Tipo de mobilidade acad\u00eamica", "type_override": "", "label": "TIPO_MOB_ACAD"}, "type": "text", "id": "TIPO_MOB_ACAD"}, {"info": {"notes": "Institui\u00e7\u00e3o de ensino superior destino do discente em mobilidade acad\u00eamica", "type_override": "", "label": "IES_DEST"}, "type": "text", "id": "IES_DEST"}, {"info": {"notes": "Tipo de mobilidade acad\u00eamica internacional", "type_override": "", "label": "TIPO_MOB_ACAD_INTERNAC"}, "type": "text", "id": "TIPO_MOB_ACAD_INTERNAC"}, {"info": {"notes": "Pa\u00eds destino do discente em mobilidade acad\u00eamica", "type_override": "", "label": "PAIS_DEST"}, "type": "text", "id": "PAIS_DEST"}], "records_format": "objects", "total_was_estimated": false, "records": [{"_id":1,"ID_DISCENTE":43,"ANO_NASCIMENTO":1979,"PERIODO_INGRESSO":2022.2,"TIPO_INGRESSO":"SISU","PERIODO_LETIVO":2023.1,"CAMPUS":"REITOR JOAQUIM AMAZONAS","CD_INEP":21847,"CURSO":"CIÊNCIAS SOCIAIS - LICENCIATURA","CARGA_HORARIA_CURSO":2310,"TURNO":"NOITE","MODALIDADE":"PRESENCIAL","COTAS":"AC","ESCOLA_PUBLICA":"SIM","BLS_ASSIST":"NÃO","DS_TP_SIT_ACAD":"MATRICULADO","MONITOR_PROGRAD":"NÃO","SEXO":"M","COR":"NÃO DECLARADO","NACIONALIDADE":"BRA","CIDADE_NAT":"RECIFE","UF_NAT":"PE","DEFIC":"NÃO","MOB_ACAD":"NÃO","TIPO_MOB_ACAD":"","IES_DEST":"","TIPO_MOB_ACAD_INTERNAC":"","PAIS_DEST":""},{"_id":2,"ID_DISCENTE":741,"ANO_NASCIMENTO":1975,"PERIODO_INGRESSO":2019.2,"TIPO_INGRESSO":"SISU","PERIODO_LETIVO":2023.1,"CAMPUS":"REITOR JOAQUIM AMAZONAS","CD_INEP":13580,"CURSO":"PEDAGOGIA","CARGA_HORARIA_CURSO":3210,"TURNO":"MANHA","MODALIDADE":"PRESENCIAL","COTAS":"AC","ESCOLA_PUBLICA":"SIM","BLS_ASSIST":"NÃO","DS_TP_SIT_ACAD":"MATRICULADO","MONITOR_PROGRAD":"NÃO","SEXO":"F","COR":"BRANCA","NACIONALIDADE":"BRA","CIDADE_NAT":"BELO JARDIM","UF_NAT":"PE","DEFIC":"NÃO","MOB_ACAD":"NÃO","TIPO_MOB_ACAD":"","IES_DEST":"","TIPO_MOB_ACAD_INTERNAC":"","PAIS_DEST":""},{"_id":3,"ID_DISCENTE":809,"ANO_NASCIMENTO":1978,"PERIODO_INGRESSO":2023.1,"TIPO_INGRESSO":"SISU","PERIODO_LETIVO":2023.1,"CAMPUS":"REITOR JOAQUIM AMAZONAS","CD_INEP":13574,"CURSO":"CIÊNCIAS ECONÔMICAS","CARGA_HORARIA_CURSO":3000,"TURNO":"NOITE","MODALIDADE":"PRESENCIAL","COTAS":"AC","ESCOLA_PUBLICA":"SIM","BLS_ASSIST":"NÃO","DS_TP_SIT_ACAD":"MATRICULADO","MONITOR_PROGRAD":"NÃO","SEXO":"M","COR":"","NACIONALIDADE":"BRA","CIDADE_NAT":"RECIFE","UF_NAT":"PE","DEFIC":"NÃO","MOB_ACAD":"NÃO","TIPO_MOB_ACAD":"","IES_DEST":"","TIPO_MOB_ACAD_INTERNAC":"","PAIS_DEST":""},{"_id":4,"ID_DISCENTE":831,"ANO_NASCIMENTO":1979,"PERIODO_INGRESSO":2022.1,"TIPO_INGRESSO":"DIPLOMADO","PERIODO_LETIVO":2023.1,"CAMPUS":"REITOR JOAQUIM AMAZONAS","CD_INEP":117382,"CURSO":"ENGENHARIA DE ALIMENTOS","CARGA_HORARIA_CURSO":3855,"TURNO":"INTEGRAL","MODALIDADE":"PRESENCIAL","COTAS":"AC","ESCOLA_PUBLICA":"NÃO INFORMADO","BLS_ASSIST":"NÃO","DS_TP_SIT_ACAD":"DESVINCULADO","MONITOR_PROGRAD":"NÃO","SEXO":"F","COR":"BRANCA","NACIONALIDADE":"BRA","CIDADE_NAT":"RECIFE","UF_NAT":"PE","DEFIC":"NÃO","MOB_ACAD":"NÃO","TIPO_MOB_ACAD":"","IES_DEST":"","TIPO_MOB_ACAD_INTERNAC":"","PAIS_DEST":""},{"_id":5,"ID_DISCENTE":1029,"ANO_NASCIMENTO":1964,"PERIODO_INGRESSO":2006.1,"TIPO_INGRESSO":"VESTIBULAR","PERIODO_LETIVO":2023.1,"CAMPUS":"REITOR JOAQUIM AMAZONAS","CD_INEP":13609,"CURSO":"BIBLIOTECONOMIA","CARGA_HORARIA_CURSO":2745,"TURNO":"TARDE","MODALIDADE":"PRESENCIAL","COTAS":"AC","ESCOLA_PUBLICA":"NÃO INFORMADO","BLS_ASSIST":"NÃO","DS_TP_SIT_ACAD":"TRANCAMENTO","MONITOR_PROGRAD":"NÃO","SEXO":"M","COR":"BRANCA","NACIONALIDADE":"BRA","CIDADE_NAT":"RECIFE","UF_NAT":"PE","DEFIC":"NÃO","MOB_ACAD":"NÃO","TIPO_MOB_ACAD":"","IES_DEST":"","TIPO_MOB_ACAD_INTERNAC":"","PAIS_DEST":""},{"_id":6,"ID_DISCENTE":1376,"ANO_NASCIMENTO":1977,"PERIODO_INGRESSO":2022.1,"TIPO_INGRESSO":"DIPLOMADO","PERIODO_LETIVO":2023.1,"CAMPUS":"REITOR JOAQUIM AMAZONAS","CD_INEP":44978,"CURSO":"LETRAS ESPANHOL - LICENCIATURA","CARGA_HORARIA_CURSO":3150,"TURNO":"NOITE","MODALIDADE":"PRESENCIAL","COTAS":"AC","ESCOLA_PUBLICA":"NÃO INFORMADO","BLS_ASSIST":"NÃO","DS_TP_SIT_ACAD":"MATRICULADO","MONITOR_PROGRAD":"NÃO","SEXO":"F","COR":"PARDA","NACIONALIDADE":"BRA","CIDADE_NAT":"SÃO PAULO","UF_NAT":"SP","DEFIC":"NÃO","MOB_ACAD":"NÃO","TIPO_MOB_ACAD":"","IES_DEST":"","TIPO_MOB_ACAD_INTERNAC":"","PAIS_DEST":""},{"_id":7,"ID_DISCENTE":1380,"ANO_NASCIMENTO":1980,"PERIODO_INGRESSO":2019.1,"TIPO_INGRESSO":"SISU","PERIODO_LETIVO":2023.1,"CAMPUS":"REITOR JOAQUIM AMAZONAS","CD_INEP":13616,"CURSO":"ENGENHARIA ELÉTRICA","CARGA_HORARIA_CURSO":3660,"TURNO":"INTEGRAL","MODALIDADE":"PRESENCIAL","COTAS":"L6","ESCOLA_PUBLICA":"NÃO INFORMADO","BLS_ASSIST":"NÃO","DS_TP_SIT_ACAD":"MATRICULADO","MONITOR_PROGRAD":"NÃO","SEXO":"M","COR":"PARDA","NACIONALIDADE":"BRA","CIDADE_NAT":"RECIFE","UF_NAT":"PE","DEFIC":"NÃO","MOB_ACAD":"NÃO","TIPO_MOB_ACAD":"","IES_DEST":"","TIPO_MOB_ACAD_INTERNAC":"","PAIS_DEST":""},{"_id":8,"ID_DISCENTE":1463,"ANO_NASCIMENTO":1982,"PERIODO_INGRESSO":2023.1,"TIPO_INGRESSO":"SISU","PERIODO_LETIVO":2023.1,"CAMPUS":"REITOR JOAQUIM AMAZONAS","CD_INEP":117378,"CURSO":"CIÊNCIA POLÍTICA","CARGA_HORARIA_CURSO":2520,"TURNO":"INTEGRAL","MODALIDADE":"PRESENCIAL","COTAS":"AC","ESCOLA_PUBLICA":"SIM","BLS_ASSIST":"NÃO","DS_TP_SIT_ACAD":"MATRICULADO","MONITOR_PROGRAD":"NÃO","SEXO":"M","COR":"PARDA","NACIONALIDADE":"BRA","CIDADE_NAT":"OLINDA","UF_NAT":"PE","DEFIC":"NÃO","MOB_ACAD":"NÃO","TIPO_MOB_ACAD":"","IES_DEST":"","TIPO_MOB_ACAD_INTERNAC":"","PAIS_DEST":""},{"_id":9,"ID_DISCENTE":1789,"ANO_NASCIMENTO":1959,"PERIODO_INGRESSO":2016.1,"TIPO_INGRESSO":"SISU","PERIODO_LETIVO":2023.1,"CAMPUS":"REITOR JOAQUIM AMAZONAS","CD_INEP":13593,"CURSO":"QUÍMICA INDUSTRIAL","CARGA_HORARIA_CURSO":2925,"TURNO":"NOITE","MODALIDADE":"PRESENCIAL","COTAS":"L6","ESCOLA_PUBLICA":"SIM","BLS_ASSIST":"NÃO","DS_TP_SIT_ACAD":"MATRICULADO","MONITOR_PROGRAD":"NÃO","SEXO":"M","COR":"PRETA","NACIONALIDADE":"BRA","CIDADE_NAT":"RECIFE","UF_NAT":"PE","DEFIC":"NÃO","MOB_ACAD":"NÃO","TIPO_MOB_ACAD":"","IES_DEST":"","TIPO_MOB_ACAD_INTERNAC":"","PAIS_DEST":""},{"_id":10,"ID_DISCENTE":1936,"ANO_NASCIMENTO":1972,"PERIODO_INGRESSO":2021.1,"TIPO_INGRESSO":"DIPLOMADO","PERIODO_LETIVO":2023.1,"CAMPUS":"REITOR JOAQUIM AMAZONAS","CD_INEP":52231,"CURSO":"GEOGRAFIA - LICENCIATURA","CARGA_HORARIA_CURSO":2520,"TURNO":"NOITE","MODALIDADE":"PRESENCIAL","COTAS":"AC","ESCOLA_PUBLICA":"NÃO INFORMADO","BLS_ASSIST":"NÃO","DS_TP_SIT_ACAD":"MATRICULADO","MONITOR_PROGRAD":"NÃO","SEXO":"M","COR":"PARDA","NACIONALIDADE":"BRA","CIDADE_NAT":"RECIFE","UF_NAT":"PE","DEFIC":"NÃO","MOB_ACAD":"NÃO","TIPO_MOB_ACAD":"","IES_DEST":"","TIPO_MOB_ACAD_INTERNAC":"","PAIS_DEST":""},{"_id":11,"ID_DISCENTE":2070,"ANO_NASCIMENTO":1953,"PERIODO_INGRESSO":2015.1,"TIPO_INGRESSO":"VESTIBULAR","PERIODO_LETIVO":2023.1,"CAMPUS":"REITOR JOAQUIM AMAZONAS","CD_INEP":1137846,"CURSO":"MATEMÁTICA-EAD","CARGA_HORARIA_CURSO":3020,"TURNO":"INTEGRAL","MODALIDADE":"ENSINO A DISTANCIA","COTAS":"AC","ESCOLA_PUBLICA":"SIM","BLS_ASSIST":"NÃO","DS_TP_SIT_ACAD":"MATRICULADO","MONITOR_PROGRAD":"NÃO","SEXO":"F","COR":"PARDA","NACIONALIDADE":"BRA","CIDADE_NAT":"SIRINHAÉM","UF_NAT":"PE","DEFIC":"NÃO","MOB_ACAD":"NÃO","TIPO_MOB_ACAD":"","IES_DEST":"","TIPO_MOB_ACAD_INTERNAC":"","PAIS_DEST":""},{"_id":12,"ID_DISCENTE":2338,"ANO_NASCIMENTO":1975,"PERIODO_INGRESSO":2023.1,"TIPO_INGRESSO":"VESTIBULAR","PERIODO_LETIVO":2023.1,"CAMPUS":"REITOR JOAQUIM AMAZONAS","CD_INEP":1137846,"CURSO":"MATEMÁTICA-EAD","CARGA_HORARIA_CURSO":3020,"TURNO":"INTEGRAL","MODALIDADE":"ENSINO A DISTANCIA","COTAS":"AC","ESCOLA_PUBLICA":"NÃO INFORMADO","BLS_ASSIST":"NÃO","DS_TP_SIT_ACAD":"MATRICULADO","MONITOR_PROGRAD":"NÃO","SEXO":"M","COR":"NÃO DECLARADO","NACIONALIDADE":"BRA","CIDADE_NAT":"JABOATÃO DOS GUARARAPES","UF_NAT":"PE","DEFIC":"NÃO","MOB_ACAD":"NÃO","TIPO_MOB_ACAD":"","IES_DEST":"","TIPO_MOB_ACAD_INTERNAC":"","PAIS_DEST":""},{"_id":13,"ID_DISCENTE":3806,"ANO_NASCIMENTO":1975,"PERIODO_INGRESSO":2021.1,"TIPO_INGRESSO":"DIPLOMADO","PERIODO_LETIVO":2023.1,"CAMPUS":"REITOR JOAQUIM AMAZONAS","CD_INEP":117378,"CURSO":"CIÊNCIA POLÍTICA","CARGA_HORARIA_CURSO":2520,"TURNO":"INTEGRAL","MODALIDADE":"PRESENCIAL","COTAS":"AC","ESCOLA_PUBLICA":"NÃO INFORMADO","BLS_ASSIST":"NÃO","DS_TP_SIT_ACAD":"MATRICULADO","MONITOR_PROGRAD":"NÃO","SEXO":"M","COR":"PARDA","NACIONALIDADE":"BRA","CIDADE_NAT":"RECIFE","UF_NAT":"PE","DEFIC":"NÃO","MOB_ACAD":"NÃO","TIPO_MOB_ACAD":"","IES_DEST":"","TIPO_MOB_ACAD_INTERNAC":"","PAIS_DEST":""},{"_id":14,"ID_DISCENTE":3816,"ANO_NASCIMENTO":1962,"PERIODO_INGRESSO":2021.1,"TIPO_INGRESSO":"SISU","PERIODO_LETIVO":2023.1,"CAMPUS":"REITOR JOAQUIM AMAZONAS","CD_INEP":13619,"CURSO":"MATEMÁTICA - LICENCIATURA","CARGA_HORARIA_CURSO":2370,"TURNO":"NOITE","MODALIDADE":"PRESENCIAL","COTAS":"AC","ESCOLA_PUBLICA":"SIM","BLS_ASSIST":"NÃO","DS_TP_SIT_ACAD":"MATRICULADO","MONITOR_PROGRAD":"NÃO","SEXO":"M","COR":"BRANCA","NACIONALIDADE":"BRA","CIDADE_NAT":"RECIFE","UF_NAT":"PE","DEFIC":"NÃO","MOB_ACAD":"NÃO","TIPO_MOB_ACAD":"","IES_DEST":"","TIPO_MOB_ACAD_INTERNAC":"","PAIS_DEST":""},{"_id":15,"ID_DISCENTE":3906,"ANO_NASCIMENTO":1981,"PERIODO_INGRESSO":2023.1,"TIPO_INGRESSO":"SISU","PERIODO_LETIVO":2023.1,"CAMPUS":"REITOR JOAQUIM AMAZONAS","CD_INEP":13577,"CURSO":"FILOSOFIA-LICENCIATURA","CARGA_HORARIA_CURSO":2910,"TURNO":"TARDE","MODALIDADE":"PRESENCIAL","COTAS":"AC","ESCOLA_PUBLICA":"SIM","BLS_ASSIST":"NÃO","DS_TP_SIT_ACAD":"MATRICULADO","MONITOR_PROGRAD":"NÃO","SEXO":"M","COR":"NÃO DECLARADO","NACIONALIDADE":"BRA","CIDADE_NAT":"CARUARU","UF_NAT":"PE","DEFIC":"NÃO","MOB_ACAD":"NÃO","TIPO_MOB_ACAD":"","IES_DEST":"","TIPO_MOB_ACAD_INTERNAC":"","PAIS_DEST":""},{"_id":16,"ID_DISCENTE":3972,"ANO_NASCIMENTO":1966,"PERIODO_INGRESSO":2021.1,"TIPO_INGRESSO":"SISU","PERIODO_LETIVO":2023.1,"CAMPUS":"REITOR JOAQUIM AMAZONAS","CD_INEP":117388,"CURSO":"MUSEOLOGIA","CARGA_HORARIA_CURSO":2400,"TURNO":"NOITE","MODALIDADE":"PRESENCIAL","COTAS":"L5","ESCOLA_PUBLICA":"SIM","BLS_ASSIST":"NÃO","DS_TP_SIT_ACAD":"MATRICULADO","MONITOR_PROGRAD":"SIM","SEXO":"M","COR":"PARDA","NACIONALIDADE":"BRA","CIDADE_NAT":"RECIFE","UF_NAT":"PE","DEFIC":"NÃO","MOB_ACAD":"NÃO","TIPO_MOB_ACAD":"","IES_DEST":"","TIPO_MOB_ACAD_INTERNAC":"","PAIS_DEST":""},{"_id":17,"ID_DISCENTE":4062,"ANO_NASCIMENTO":1982,"PERIODO_INGRESSO":2022.1,"TIPO_INGRESSO":"DIPLOMADO","PERIODO_LETIVO":2023.1,"CAMPUS":"REITOR JOAQUIM AMAZONAS","CD_INEP":313579,"CURSO":"HISTÓRIA - BACHARELADO","CARGA_HORARIA_CURSO":2430,"TURNO":"TARDE","MODALIDADE":"PRESENCIAL","COTAS":"AC","ESCOLA_PUBLICA":"NÃO INFORMADO","BLS_ASSIST":"NÃO","DS_TP_SIT_ACAD":"DESVINCULADO","MONITOR_PROGRAD":"NÃO","SEXO":"M","COR":"","NACIONALIDADE":"BRA","CIDADE_NAT":"RECIFE","UF_NAT":"PE","DEFIC":"NÃO","MOB_ACAD":"NÃO","TIPO_MOB_ACAD":"","IES_DEST":"","TIPO_MOB_ACAD_INTERNAC":"","PAIS_DEST":""},{"_id":18,"ID_DISCENTE":4062,"ANO_NASCIMENTO":1982,"PERIODO_INGRESSO":2018.1,"TIPO_INGRESSO":"SISU","PERIODO_LETIVO":2023.1,"CAMPUS":"REITOR JOAQUIM AMAZONAS","CD_INEP":13615,"CURSO":"TERAPIA OCUPACIONAL","CARGA_HORARIA_CURSO":3555,"TURNO":"INTEGRAL","MODALIDADE":"PRESENCIAL","COTAS":"AC","ESCOLA_PUBLICA":"NÃO INFORMADO","BLS_ASSIST":"NÃO","DS_TP_SIT_ACAD":"TRANCAMENTO","MONITOR_PROGRAD":"NÃO","SEXO":"M","COR":"","NACIONALIDADE":"BRA","CIDADE_NAT":"RECIFE","UF_NAT":"PE","DEFIC":"NÃO","MOB_ACAD":"NÃO","TIPO_MOB_ACAD":"","IES_DEST":"","TIPO_MOB_ACAD_INTERNAC":"","PAIS_DEST":""},{"_id":19,"ID_DISCENTE":4064,"ANO_NASCIMENTO":1967,"PERIODO_INGRESSO":2022.1,"TIPO_INGRESSO":"SISU","PERIODO_LETIVO":2023.1,"CAMPUS":"REITOR JOAQUIM AMAZONAS","CD_INEP":13577,"CURSO":"FILOSOFIA-LICENCIATURA","CARGA_HORARIA_CURSO":2910,"TURNO":"TARDE","MODALIDADE":"PRESENCIAL","COTAS":"AC","ESCOLA_PUBLICA":"SIM","BLS_ASSIST":"NÃO","DS_TP_SIT_ACAD":"MATRICULADO","MONITOR_PROGRAD":"NÃO","SEXO":"M","COR":"BRANCA","NACIONALIDADE":"BRA","CIDADE_NAT":"RECIFE","UF_NAT":"PE","DEFIC":"NÃO","MOB_ACAD":"NÃO","TIPO_MOB_ACAD":"","IES_DEST":"","TIPO_MOB_ACAD_INTERNAC":"","PAIS_DEST":""},{"_id":20,"ID_DISCENTE":4158,"ANO_NASCIMENTO":1974,"PERIODO_INGRESSO":2020.2,"TIPO_INGRESSO":"VESTIBULAR","PERIODO_LETIVO":2023.1,"CAMPUS":"REITOR JOAQUIM AMAZONAS","CD_INEP":1330038,"CURSO":"GEOGRAFIA - EAD","CARGA_HORARIA_CURSO":3170,"TURNO":"INTEGRAL","MODALIDADE":"ENSINO A DISTANCIA","COTAS":"AC","ESCOLA_PUBLICA":"NÃO INFORMADO","BLS_ASSIST":"NÃO","DS_TP_SIT_ACAD":"MATRICULADO","MONITOR_PROGRAD":"NÃO","SEXO":"F","COR":"NÃO DECLARADO","NACIONALIDADE":"BRA","CIDADE_NAT":"RECIFE","UF_NAT":"PE","DEFIC":"NÃO","MOB_ACAD":"NÃO","TIPO_MOB_ACAD":"","IES_DEST":"","TIPO_MOB_ACAD_INTERNAC":"","PAIS_DEST":""},{"_id":21,"ID_DISCENTE":4173,"ANO_NASCIMENTO":1981,"PERIODO_INGRESSO":2022.1,"TIPO_INGRESSO":"DIPLOMADO","PERIODO_LETIVO":2023.1,"CAMPUS":"REITOR JOAQUIM AMAZONAS","CD_INEP":52231,"CURSO":"GEOGRAFIA - LICENCIATURA","CARGA_HORARIA_CURSO":2520,"TURNO":"NOITE","MODALIDADE":"PRESENCIAL","COTAS":"L5","ESCOLA_PUBLICA":"NÃO INFORMADO","BLS_ASSIST":"NÃO","DS_TP_SIT_ACAD":"MATRICULADO","MONITOR_PROGRAD":"NÃO","SEXO":"F","COR":"","NACIONALIDADE":"BRA","CIDADE_NAT":"PEDRA","UF_NAT":"PE","DEFIC":"NÃO","MOB_ACAD":"NÃO","TIPO_MOB_ACAD":"","IES_DEST":"","TIPO_MOB_ACAD_INTERNAC":"","PAIS_DEST":""},{"_id":22,"ID_DISCENTE":4288,"ANO_NASCIMENTO":1972,"PERIODO_INGRESSO":2017.2,"TIPO_INGRESSO":"VESTIBULAR","PERIODO_LETIVO":2023.1,"CAMPUS":"REITOR JOAQUIM AMAZONAS","CD_INEP":1292716,"CURSO":"CIÊNCIAS CONTÁBEIS - EAD","CARGA_HORARIA_CURSO":3000,"TURNO":"INTEGRAL","MODALIDADE":"ENSINO A DISTANCIA","COTAS":"AC","ESCOLA_PUBLICA":"NÃO INFORMADO","BLS_ASSIST":"NÃO","DS_TP_SIT_ACAD":"MATRICULADO","MONITOR_PROGRAD":"NÃO","SEXO":"M","COR":"NÃO DECLARADO","NACIONALIDADE":"BRA","CIDADE_NAT":"RECIFE","UF_NAT":"PE","DEFIC":"SIM","MOB_ACAD":"NÃO","TIPO_MOB_ACAD":"","IES_DEST":"","TIPO_MOB_ACAD_INTERNAC":"","PAIS_DEST":""},{"_id":23,"ID_DISCENTE":4349,"ANO_NASCIMENTO":1974,"PERIODO_INGRESSO":2020.2,"TIPO_INGRESSO":"VESTIBULAR","PERIODO_LETIVO":2023.1,"CAMPUS":"REITOR JOAQUIM AMAZONAS","CD_INEP":1292716,"CURSO":"CIÊNCIAS CONTÁBEIS - EAD","CARGA_HORARIA_CURSO":3000,"TURNO":"INTEGRAL","MODALIDADE":"ENSINO A DISTANCIA","COTAS":"AC","ESCOLA_PUBLICA":"NÃO INFORMADO","BLS_ASSIST":"NÃO","DS_TP_SIT_ACAD":"MATRICULADO","MONITOR_PROGRAD":"NÃO","SEXO":"F","COR":"NÃO DECLARADO","NACIONALIDADE":"BRA","CIDADE_NAT":"GLÓRIA DO GOITÁ","UF_NAT":"PE","DEFIC":"NÃO","MOB_ACAD":"NÃO","TIPO_MOB_ACAD":"","IES_DEST":"","TIPO_MOB_ACAD_INTERNAC":"","PAIS_DEST":""},{"_id":24,"ID_DISCENTE":4573,"ANO_NASCIMENTO":1974,"PERIODO_INGRESSO":2018.1,"TIPO_INGRESSO":"SISU","PERIODO_LETIVO":2023.1,"CAMPUS":"REITOR JOAQUIM AMAZONAS","CD_INEP":52231,"CURSO":"GEOGRAFIA - LICENCIATURA","CARGA_HORARIA_CURSO":2520,"TURNO":"MANHA","MODALIDADE":"PRESENCIAL","COTAS":"AC","ESCOLA_PUBLICA":"NÃO INFORMADO","BLS_ASSIST":"NÃO","DS_TP_SIT_ACAD":"MATRICULADO","MONITOR_PROGRAD":"NÃO","SEXO":"M","COR":"BRANCA","NACIONALIDADE":"BRA","CIDADE_NAT":"RECIFE","UF_NAT":"PE","DEFIC":"NÃO","MOB_ACAD":"NÃO","TIPO_MOB_ACAD":"","IES_DEST":"","TIPO_MOB_ACAD_INTERNAC":"","PAIS_DEST":""},{"_id":25,"ID_DISCENTE":4847,"ANO_NASCIMENTO":1979,"PERIODO_INGRESSO":2022.1,"TIPO_INGRESSO":"DIPLOMADO","PERIODO_LETIVO":2023.1,"CAMPUS":"REITOR JOAQUIM AMAZONAS","CD_INEP":21847,"CURSO":"CIÊNCIAS SOCIAIS - LICENCIATURA","CARGA_HORARIA_CURSO":2310,"TURNO":"NOITE","MODALIDADE":"PRESENCIAL","COTAS":"AC","ESCOLA_PUBLICA":"NÃO INFORMADO","BLS_ASSIST":"NÃO","DS_TP_SIT_ACAD":"MATRICULADO","MONITOR_PROGRAD":"NÃO","SEXO":"M","COR":"","NACIONALIDADE":"BRA","CIDADE_NAT":"RECIFE","UF_NAT":"PE","DEFIC":"NÃO","MOB_ACAD":"NÃO","TIPO_MOB_ACAD":"","IES_DEST":"","TIPO_MOB_ACAD_INTERNAC":"","PAIS_DEST":""},{"_id":26,"ID_DISCENTE":4858,"ANO_NASCIMENTO":1980,"PERIODO_INGRESSO":2022.2,"TIPO_INGRESSO":"SISU","PERIODO_LETIVO":2023.1,"CAMPUS":"REITOR JOAQUIM AMAZONAS","CD_INEP":21847,"CURSO":"CIÊNCIAS SOCIAIS - LICENCIATURA","CARGA_HORARIA_CURSO":2310,"TURNO":"NOITE","MODALIDADE":"PRESENCIAL","COTAS":"AC","ESCOLA_PUBLICA":"SIM","BLS_ASSIST":"NÃO","DS_TP_SIT_ACAD":"MATRICULADO","MONITOR_PROGRAD":"NÃO","SEXO":"F","COR":"BRANCA","NACIONALIDADE":"BRA","CIDADE_NAT":"CRATEÚS","UF_NAT":"CE","DEFIC":"NÃO","MOB_ACAD":"NÃO","TIPO_MOB_ACAD":"","IES_DEST":"","TIPO_MOB_ACAD_INTERNAC":"","PAIS_DEST":""},{"_id":27,"ID_DISCENTE":4876,"ANO_NASCIMENTO":1982,"PERIODO_INGRESSO":2001.1,"TIPO_INGRESSO":"VESTIBULAR","PERIODO_LETIVO":2023.1,"CAMPUS":"REITOR JOAQUIM AMAZONAS","CD_INEP":13575,"CURSO":"CIÊNCIAS SOCIAIS - BACHARELADO","CARGA_HORARIA_CURSO":2370,"TURNO":"TARDE","MODALIDADE":"PRESENCIAL","COTAS":"AC","ESCOLA_PUBLICA":"NÃO INFORMADO","BLS_ASSIST":"NÃO","DS_TP_SIT_ACAD":"MATRICULADO","MONITOR_PROGRAD":"NÃO","SEXO":"M","COR":"PARDA","NACIONALIDADE":"BRA","CIDADE_NAT":"BRASÍLIA","UF_NAT":"DF","DEFIC":"NÃO","MOB_ACAD":"NÃO","TIPO_MOB_ACAD":"","IES_DEST":"","TIPO_MOB_ACAD_INTERNAC":"","PAIS_DEST":""},{"_id":28,"ID_DISCENTE":5002,"ANO_NASCIMENTO":1983,"PERIODO_INGRESSO":2020.1,"TIPO_INGRESSO":"SISU","PERIODO_LETIVO":2023.1,"CAMPUS":"REITOR JOAQUIM AMAZONAS","CD_INEP":44947,"CURSO":"LETRAS PORTUGUÊS - LICENCIATURA","CARGA_HORARIA_CURSO":3150,"TURNO":"NOITE","MODALIDADE":"PRESENCIAL","COTAS":"AC","ESCOLA_PUBLICA":"NÃO INFORMADO","BLS_ASSIST":"NÃO","DS_TP_SIT_ACAD":"MATRICULADO","MONITOR_PROGRAD":"NÃO","SEXO":"M","COR":"NÃO DECLARADO","NACIONALIDADE":"BRA","CIDADE_NAT":"RECIFE","UF_NAT":"PE","DEFIC":"NÃO","MOB_ACAD":"NÃO","TIPO_MOB_ACAD":"","IES_DEST":"","TIPO_MOB_ACAD_INTERNAC":"","PAIS_DEST":""},{"_id":29,"ID_DISCENTE":5061,"ANO_NASCIMENTO":1976,"PERIODO_INGRESSO":2016.1,"TIPO_INGRESSO":"SISU","PERIODO_LETIVO":2023.1,"CAMPUS":"REITOR JOAQUIM AMAZONAS","CD_INEP":13577,"CURSO":"FILOSOFIA-LICENCIATURA","CARGA_HORARIA_CURSO":2910,"TURNO":"TARDE","MODALIDADE":"PRESENCIAL","COTAS":"AC","ESCOLA_PUBLICA":"SIM","BLS_ASSIST":"NÃO","DS_TP_SIT_ACAD":"MATRICULADO","MONITOR_PROGRAD":"NÃO","SEXO":"M","COR":"NÃO DECLARADO","NACIONALIDADE":"BRA","CIDADE_NAT":"CABROBÓ","UF_NAT":"PE","DEFIC":"NÃO","MOB_ACAD":"NÃO","TIPO_MOB_ACAD":"","IES_DEST":"","TIPO_MOB_ACAD_INTERNAC":"","PAIS_DEST":""},{"_id":30,"ID_DISCENTE":5070,"ANO_NASCIMENTO":1984,"PERIODO_INGRESSO":2023.1,"TIPO_INGRESSO":"VESTIBULAR","PERIODO_LETIVO":2023.1,"CAMPUS":"VITORIA","CD_INEP":1579738,"CURSO":"CIÊNCIAS BIOLÓGICAS-LICENCIATURA-EAD","CARGA_HORARIA_CURSO":3517,"TURNO":"INTEGRAL","MODALIDADE":"ENSINO A DISTANCIA","COTAS":"AC","ESCOLA_PUBLICA":"NÃO INFORMADO","BLS_ASSIST":"NÃO","DS_TP_SIT_ACAD":"MATRICULADO","MONITOR_PROGRAD":"NÃO","SEXO":"F","COR":"","NACIONALIDADE":"BRA","CIDADE_NAT":"RECIFE","UF_NAT":"PE","DEFIC":"NÃO","MOB_ACAD":"NÃO","TIPO_MOB_ACAD":"","IES_DEST":"","TIPO_MOB_ACAD_INTERNAC":"","PAIS_DEST":""},{"_id":31,"ID_DISCENTE":5074,"ANO_NASCIMENTO":1983,"PERIODO_INGRESSO":2022.1,"TIPO_INGRESSO":"ISOLADO","PERIODO_LETIVO":2023.1,"CAMPUS":"REITOR JOAQUIM AMAZONAS","CD_INEP":0,"CURSO":"ISOLADAS","CARGA_HORARIA_CURSO":0,"TURNO":"INTEGRAL","MODALIDADE":"PRESENCIAL","COTAS":"AC","ESCOLA_PUBLICA":"NÃO INFORMADO","BLS_ASSIST":"NÃO","DS_TP_SIT_ACAD":"MATRICULADO","MONITOR_PROGRAD":"NÃO","SEXO":"F","COR":"NÃO DECLARADO","NACIONALIDADE":"BRA","CIDADE_NAT":"RECIFE","UF_NAT":"PE","DEFIC":"NÃO","MOB_ACAD":"NÃO","TIPO_MOB_ACAD":"","IES_DEST":"","TIPO_MOB_ACAD_INTERNAC":"","PAIS_DEST":""},{"_id":32,"ID_DISCENTE":5235,"ANO_NASCIMENTO":1973,"PERIODO_INGRESSO":2019.1,"TIPO_INGRESSO":"SISU","PERIODO_LETIVO":2023.1,"CAMPUS":"AGRESTE","CD_INEP":118098,"CURSO":"QUÍMICA - LICENCIATURA - CAA","CARGA_HORARIA_CURSO":3210,"TURNO":"NOITE","MODALIDADE":"PRESENCIAL","COTAS":"L5","ESCOLA_PUBLICA":"NÃO INFORMADO","BLS_ASSIST":"NÃO","DS_TP_SIT_ACAD":"MATRICULADO","MONITOR_PROGRAD":"NÃO","SEXO":"M","COR":"","NACIONALIDADE":"BRA","CIDADE_NAT":"RECIFE","UF_NAT":"PE","DEFIC":"NÃO","MOB_ACAD":"NÃO","TIPO_MOB_ACAD":"","IES_DEST":"","TIPO_MOB_ACAD_INTERNAC":"","PAIS_DEST":""},{"_id":33,"ID_DISCENTE":5235,"ANO_NASCIMENTO":1973,"PERIODO_INGRESSO":2022.2,"TIPO_INGRESSO":"SISU","PERIODO_LETIVO":2023.1,"CAMPUS":"REITOR JOAQUIM AMAZONAS","CD_INEP":13576,"CURSO":"DIREITO","CARGA_HORARIA_CURSO":3300,"TURNO":"NOITE","MODALIDADE":"PRESENCIAL","COTAS":"L5","ESCOLA_PUBLICA":"SIM","BLS_ASSIST":"NÃO","DS_TP_SIT_ACAD":"DESVINCULADO","MONITOR_PROGRAD":"NÃO","SEXO":"M","COR":"","NACIONALIDADE":"BRA","CIDADE_NAT":"RECIFE","UF_NAT":"PE","DEFIC":"NÃO","MOB_ACAD":"NÃO","TIPO_MOB_ACAD":"","IES_DEST":"","TIPO_MOB_ACAD_INTERNAC":"","PAIS_DEST":""},{"_id":34,"ID_DISCENTE":5310,"ANO_NASCIMENTO":1982,"PERIODO_INGRESSO":2021.1,"TIPO_INGRESSO":"DIPLOMADO","PERIODO_LETIVO":2023.1,"CAMPUS":"REITOR JOAQUIM AMAZONAS","CD_INEP":13580,"CURSO":"PEDAGOGIA","CARGA_HORARIA_CURSO":3210,"TURNO":"MANHA","MODALIDADE":"PRESENCIAL","COTAS":"AC","ESCOLA_PUBLICA":"NÃO INFORMADO","BLS_ASSIST":"NÃO","DS_TP_SIT_ACAD":"MATRICULADO","MONITOR_PROGRAD":"NÃO","SEXO":"F","COR":"PARDA","NACIONALIDADE":"BRA","CIDADE_NAT":"RECIFE","UF_NAT":"PE","DEFIC":"NÃO","MOB_ACAD":"NÃO","TIPO_MOB_ACAD":"","IES_DEST":"","TIPO_MOB_ACAD_INTERNAC":"","PAIS_DEST":""},{"_id":35,"ID_DISCENTE":5352,"ANO_NASCIMENTO":1977,"PERIODO_INGRESSO":2021.1,"TIPO_INGRESSO":"DIPLOMADO","PERIODO_LETIVO":2023.1,"CAMPUS":"REITOR JOAQUIM AMAZONAS","CD_INEP":13580,"CURSO":"PEDAGOGIA","CARGA_HORARIA_CURSO":3210,"TURNO":"MANHA","MODALIDADE":"PRESENCIAL","COTAS":"AC","ESCOLA_PUBLICA":"NÃO INFORMADO","BLS_ASSIST":"NÃO","DS_TP_SIT_ACAD":"MATRICULADO","MONITOR_PROGRAD":"NÃO","SEXO":"M","COR":"NÃO DECLARADO","NACIONALIDADE":"BRA","CIDADE_NAT":"RECIFE","UF_NAT":"PE","DEFIC":"NÃO","MOB_ACAD":"NÃO","TIPO_MOB_ACAD":"","IES_DEST":"","TIPO_MOB_ACAD_INTERNAC":"","PAIS_DEST":""},{"_id":36,"ID_DISCENTE":5601,"ANO_NASCIMENTO":1972,"PERIODO_INGRESSO":2015.2,"TIPO_INGRESSO":"SISU","PERIODO_LETIVO":2023.1,"CAMPUS":"REITOR JOAQUIM AMAZONAS","CD_INEP":13573,"CURSO":"CIÊNCIAS CONTÁBEIS","CARGA_HORARIA_CURSO":3000,"TURNO":"NOITE","MODALIDADE":"PRESENCIAL","COTAS":"AC","ESCOLA_PUBLICA":"SIM","BLS_ASSIST":"NÃO","DS_TP_SIT_ACAD":"DESVINCULADO","MONITOR_PROGRAD":"NÃO","SEXO":"M","COR":"BRANCA","NACIONALIDADE":"BRA","CIDADE_NAT":"PAULISTA","UF_NAT":"PE","DEFIC":"NÃO","MOB_ACAD":"NÃO","TIPO_MOB_ACAD":"","IES_DEST":"","TIPO_MOB_ACAD_INTERNAC":"","PAIS_DEST":""},{"_id":37,"ID_DISCENTE":5715,"ANO_NASCIMENTO":1973,"PERIODO_INGRESSO":2016.1,"TIPO_INGRESSO":"SISU","PERIODO_LETIVO":2023.1,"CAMPUS":"REITOR JOAQUIM AMAZONAS","CD_INEP":13576,"CURSO":"DIREITO","CARGA_HORARIA_CURSO":3300,"TURNO":"NOITE","MODALIDADE":"PRESENCIAL","COTAS":"L6","ESCOLA_PUBLICA":"SIM","BLS_ASSIST":"NÃO","DS_TP_SIT_ACAD":"MATRICULADO","MONITOR_PROGRAD":"NÃO","SEXO":"M","COR":"PRETA","NACIONALIDADE":"BRA","CIDADE_NAT":"RECIFE","UF_NAT":"PE","DEFIC":"NÃO","MOB_ACAD":"NÃO","TIPO_MOB_ACAD":"","IES_DEST":"","TIPO_MOB_ACAD_INTERNAC":"","PAIS_DEST":""},{"_id":38,"ID_DISCENTE":5840,"ANO_NASCIMENTO":1962,"PERIODO_INGRESSO":2021.1,"TIPO_INGRESSO":"SISU","PERIODO_LETIVO":2023.1,"CAMPUS":"REITOR JOAQUIM AMAZONAS","CD_INEP":13619,"CURSO":"MATEMÁTICA - LICENCIATURA","CARGA_HORARIA_CURSO":2370,"TURNO":"NOITE","MODALIDADE":"PRESENCIAL","COTAS":"AC","ESCOLA_PUBLICA":"SIM","BLS_ASSIST":"NÃO","DS_TP_SIT_ACAD":"MATRICULADO","MONITOR_PROGRAD":"NÃO","SEXO":"M","COR":"BRANCA","NACIONALIDADE":"BRA","CIDADE_NAT":"RECIFE","UF_NAT":"PE","DEFIC":"NÃO","MOB_ACAD":"NÃO","TIPO_MOB_ACAD":"","IES_DEST":"","TIPO_MOB_ACAD_INTERNAC":"","PAIS_DEST":""},{"_id":39,"ID_DISCENTE":5879,"ANO_NASCIMENTO":1975,"PERIODO_INGRESSO":2022.1,"TIPO_INGRESSO":"DIPLOMADO","PERIODO_LETIVO":2023.1,"CAMPUS":"REITOR JOAQUIM AMAZONAS","CD_INEP":13577,"CURSO":"FILOSOFIA-LICENCIATURA","CARGA_HORARIA_CURSO":2910,"TURNO":"TARDE","MODALIDADE":"PRESENCIAL","COTAS":"AC","ESCOLA_PUBLICA":"NÃO INFORMADO","BLS_ASSIST":"NÃO","DS_TP_SIT_ACAD":"DESVINCULADO","MONITOR_PROGRAD":"NÃO","SEXO":"F","COR":"","NACIONALIDADE":"BRA","CIDADE_NAT":"RECIFE","UF_NAT":"PE","DEFIC":"NÃO","MOB_ACAD":"NÃO","TIPO_MOB_ACAD":"","IES_DEST":"","TIPO_MOB_ACAD_INTERNAC":"","PAIS_DEST":""},{"_id":40,"ID_DISCENTE":6128,"ANO_NASCIMENTO":1973,"PERIODO_INGRESSO":2023.1,"TIPO_INGRESSO":"SISU","PERIODO_LETIVO":2023.1,"CAMPUS":"REITOR JOAQUIM AMAZONAS","CD_INEP":13582,"CURSO":"SECRETARIADO EXECUTIVO","CARGA_HORARIA_CURSO":2190,"TURNO":"NOITE","MODALIDADE":"PRESENCIAL","COTAS":"AC","ESCOLA_PUBLICA":"SIM","BLS_ASSIST":"NÃO","DS_TP_SIT_ACAD":"MATRICULADO","MONITOR_PROGRAD":"NÃO","SEXO":"M","COR":"","NACIONALIDADE":"BRA","CIDADE_NAT":"RECIFE","UF_NAT":"PE","DEFIC":"NÃO","MOB_ACAD":"NÃO","TIPO_MOB_ACAD":"","IES_DEST":"","TIPO_MOB_ACAD_INTERNAC":"","PAIS_DEST":""},{"_id":41,"ID_DISCENTE":6130,"ANO_NASCIMENTO":1972,"PERIODO_INGRESSO":2022.1,"TIPO_INGRESSO":"DIPLOMADO","PERIODO_LETIVO":2023.1,"CAMPUS":"REITOR JOAQUIM AMAZONAS","CD_INEP":117388,"CURSO":"MUSEOLOGIA","CARGA_HORARIA_CURSO":2400,"TURNO":"NOITE","MODALIDADE":"PRESENCIAL","COTAS":"AC","ESCOLA_PUBLICA":"NÃO INFORMADO","BLS_ASSIST":"NÃO","DS_TP_SIT_ACAD":"MATRICULADO","MONITOR_PROGRAD":"NÃO","SEXO":"M","COR":"PARDA","NACIONALIDADE":"BRA","CIDADE_NAT":"OLINDA","UF_NAT":"PE","DEFIC":"NÃO","MOB_ACAD":"NÃO","TIPO_MOB_ACAD":"","IES_DEST":"","TIPO_MOB_ACAD_INTERNAC":"","PAIS_DEST":""},{"_id":42,"ID_DISCENTE":6148,"ANO_NASCIMENTO":1975,"PERIODO_INGRESSO":2023.1,"TIPO_INGRESSO":"SISU","PERIODO_LETIVO":2023.1,"CAMPUS":"REITOR JOAQUIM AMAZONAS","CD_INEP":44950,"CURSO":"LETRAS FRANCÊS - LICENCIATURA","CARGA_HORARIA_CURSO":3150,"TURNO":"TARDE","MODALIDADE":"PRESENCIAL","COTAS":"AC","ESCOLA_PUBLICA":"SIM","BLS_ASSIST":"NÃO","DS_TP_SIT_ACAD":"DESLIGAMENTO","MONITOR_PROGRAD":"NÃO","SEXO":"F","COR":"","NACIONALIDADE":"BRA","CIDADE_NAT":"RECIFE","UF_NAT":"PE","DEFIC":"NÃO","MOB_ACAD":"NÃO","TIPO_MOB_ACAD":"","IES_DEST":"","TIPO_MOB_ACAD_INTERNAC":"","PAIS_DEST":""},{"_id":43,"ID_DISCENTE":6148,"ANO_NASCIMENTO":1975,"PERIODO_INGRESSO":2023.1,"TIPO_INGRESSO":"VESTIBULAR","PERIODO_LETIVO":2023.1,"CAMPUS":"REITOR JOAQUIM AMAZONAS","CD_INEP":1137847,"CURSO":"LETRAS-LÍNGUA ESPANHOLA-EAD","CARGA_HORARIA_CURSO":2895,"TURNO":"INTEGRAL","MODALIDADE":"ENSINO A DISTANCIA","COTAS":"AC","ESCOLA_PUBLICA":"NÃO INFORMADO","BLS_ASSIST":"NÃO","DS_TP_SIT_ACAD":"MATRICULADO","MONITOR_PROGRAD":"NÃO","SEXO":"F","COR":"","NACIONALIDADE":"BRA","CIDADE_NAT":"RECIFE","UF_NAT":"PE","DEFIC":"NÃO","MOB_ACAD":"NÃO","TIPO_MOB_ACAD":"","IES_DEST":"","TIPO_MOB_ACAD_INTERNAC":"","PAIS_DEST":""},{"_id":44,"ID_DISCENTE":6321,"ANO_NASCIMENTO":1975,"PERIODO_INGRESSO":2019.2,"TIPO_INGRESSO":"VESTIBULAR","PERIODO_LETIVO":2023.1,"CAMPUS":"REITOR JOAQUIM AMAZONAS","CD_INEP":13604,"CURSO":"MÚSICA - LICENCIATURA","CARGA_HORARIA_CURSO":2430,"TURNO":"TARDE/NOITE","MODALIDADE":"PRESENCIAL","COTAS":"AC","ESCOLA_PUBLICA":"SIM","BLS_ASSIST":"NÃO","DS_TP_SIT_ACAD":"MATRICULADO","MONITOR_PROGRAD":"NÃO","SEXO":"M","COR":"PARDA","NACIONALIDADE":"BRA","CIDADE_NAT":"RECIFE","UF_NAT":"PE","DEFIC":"NÃO","MOB_ACAD":"NÃO","TIPO_MOB_ACAD":"","IES_DEST":"","TIPO_MOB_ACAD_INTERNAC":"","PAIS_DEST":""},{"_id":45,"ID_DISCENTE":6620,"ANO_NASCIMENTO":1970,"PERIODO_INGRESSO":2023.1,"TIPO_INGRESSO":"VESTIBULAR","PERIODO_LETIVO":2023.1,"CAMPUS":"REITOR JOAQUIM AMAZONAS","CD_INEP":1137846,"CURSO":"MATEMÁTICA-EAD","CARGA_HORARIA_CURSO":3020,"TURNO":"INTEGRAL","MODALIDADE":"ENSINO A DISTANCIA","COTAS":"AC","ESCOLA_PUBLICA":"NÃO INFORMADO","BLS_ASSIST":"NÃO","DS_TP_SIT_ACAD":"MATRICULADO","MONITOR_PROGRAD":"NÃO","SEXO":"M","COR":"","NACIONALIDADE":"BRA","CIDADE_NAT":"RECIFE","UF_NAT":"PE","DEFIC":"NÃO","MOB_ACAD":"NÃO","TIPO_MOB_ACAD":"","IES_DEST":"","TIPO_MOB_ACAD_INTERNAC":"","PAIS_DEST":""},{"_id":46,"ID_DISCENTE":6757,"ANO_NASCIMENTO":1974,"PERIODO_INGRESSO":2011.1,"TIPO_INGRESSO":"VESTIBULAR","PERIODO_LETIVO":2023.1,"CAMPUS":"REITOR JOAQUIM AMAZONAS","CD_INEP":13575,"CURSO":"CIÊNCIAS SOCIAIS - BACHARELADO","CARGA_HORARIA_CURSO":2370,"TURNO":"TARDE","MODALIDADE":"PRESENCIAL","COTAS":"AC","ESCOLA_PUBLICA":"SIM","BLS_ASSIST":"NÃO","DS_TP_SIT_ACAD":"DESVINCULADO","MONITOR_PROGRAD":"NÃO","SEXO":"F","COR":"NÃO DECLARADO","NACIONALIDADE":"BRA","CIDADE_NAT":"RECIFE","UF_NAT":"PE","DEFIC":"NÃO","MOB_ACAD":"NÃO","TIPO_MOB_ACAD":"","IES_DEST":"","TIPO_MOB_ACAD_INTERNAC":"","PAIS_DEST":""},{"_id":47,"ID_DISCENTE":6765,"ANO_NASCIMENTO":1978,"PERIODO_INGRESSO":2021.1,"TIPO_INGRESSO":"DIPLOMADO","PERIODO_LETIVO":2023.1,"CAMPUS":"REITOR JOAQUIM AMAZONAS","CD_INEP":117386,"CURSO":"GESTÃO DA INFORMAÇÃO","CARGA_HORARIA_CURSO":2790,"TURNO":"NOITE","MODALIDADE":"PRESENCIAL","COTAS":"AC","ESCOLA_PUBLICA":"NÃO INFORMADO","BLS_ASSIST":"NÃO","DS_TP_SIT_ACAD":"MATRICULADO","MONITOR_PROGRAD":"NÃO","SEXO":"F","COR":"NÃO DECLARADO","NACIONALIDADE":"BRA","CIDADE_NAT":"RECIFE","UF_NAT":"PE","DEFIC":"NÃO","MOB_ACAD":"NÃO","TIPO_MOB_ACAD":"","IES_DEST":"","TIPO_MOB_ACAD_INTERNAC":"","PAIS_DEST":""},{"_id":48,"ID_DISCENTE":7049,"ANO_NASCIMENTO":1979,"PERIODO_INGRESSO":2022.1,"TIPO_INGRESSO":"DIPLOMADO","PERIODO_LETIVO":2023.1,"CAMPUS":"REITOR JOAQUIM AMAZONAS","CD_INEP":21847,"CURSO":"CIÊNCIAS SOCIAIS - LICENCIATURA","CARGA_HORARIA_CURSO":2310,"TURNO":"NOITE","MODALIDADE":"PRESENCIAL","COTAS":"AC","ESCOLA_PUBLICA":"NÃO INFORMADO","BLS_ASSIST":"NÃO","DS_TP_SIT_ACAD":"TRANCAMENTO","MONITOR_PROGRAD":"NÃO","SEXO":"F","COR":"","NACIONALIDADE":"BRA","CIDADE_NAT":"RECIFE","UF_NAT":"PE","DEFIC":"NÃO","MOB_ACAD":"NÃO","TIPO_MOB_ACAD":"","IES_DEST":"","TIPO_MOB_ACAD_INTERNAC":"","PAIS_DEST":""},{"_id":49,"ID_DISCENTE":7353,"ANO_NASCIMENTO":1900,"PERIODO_INGRESSO":2021.1,"TIPO_INGRESSO":"DIPLOMADO","PERIODO_LETIVO":2023.1,"CAMPUS":"REITOR JOAQUIM AMAZONAS","CD_INEP":117388,"CURSO":"MUSEOLOGIA","CARGA_HORARIA_CURSO":2400,"TURNO":"NOITE","MODALIDADE":"PRESENCIAL","COTAS":"AC","ESCOLA_PUBLICA":"NÃO INFORMADO","BLS_ASSIST":"NÃO","DS_TP_SIT_ACAD":"MATRICULADO","MONITOR_PROGRAD":"NÃO","SEXO":"M","COR":"NÃO DECLARADO","NACIONALIDADE":"BRA","CIDADE_NAT":"RECIFE","UF_NAT":"PE","DEFIC":"NÃO","MOB_ACAD":"NÃO","TIPO_MOB_ACAD":"","IES_DEST":"","TIPO_MOB_ACAD_INTERNAC":"","PAIS_DEST":""},{"_id":50,"ID_DISCENTE":7403,"ANO_NASCIMENTO":1980,"PERIODO_INGRESSO":2023.1,"TIPO_INGRESSO":"SISU","PERIODO_LETIVO":2023.1,"CAMPUS":"AGRESTE","CD_INEP":1189778,"CURSO":"MEDICINA - CAA","CARGA_HORARIA_CURSO":7860,"TURNO":"INTEGRAL","MODALIDADE":"PRESENCIAL","COTAS":"AC","ESCOLA_PUBLICA":"SIM","BLS_ASSIST":"NÃO","DS_TP_SIT_ACAD":"MATRICULADO","MONITOR_PROGRAD":"NÃO","SEXO":"M","COR":"","NACIONALIDADE":"BRA","CIDADE_NAT":"RECIFE","UF_NAT":"PE","DEFIC":"NÃO","MOB_ACAD":"NÃO","TIPO_MOB_ACAD":"","IES_DEST":"","TIPO_MOB_ACAD_INTERNAC":"","PAIS_DEST":""},{"_id":51,"ID_DISCENTE":7431,"ANO_NASCIMENTO":1979,"PERIODO_INGRESSO":2020.2,"TIPO_INGRESSO":"SISU","PERIODO_LETIVO":2023.1,"CAMPUS":"REITOR JOAQUIM AMAZONAS","CD_INEP":58852,"CURSO":"CIÊNCIAS BIOLÓGICAS - ÊNFASE CIÊNCIAS AMBIENTAIS","CARGA_HORARIA_CURSO":2880,"TURNO":"TARDE/NOITE","MODALIDADE":"PRESENCIAL","COTAS":"AC","ESCOLA_PUBLICA":"SIM","BLS_ASSIST":"NÃO","DS_TP_SIT_ACAD":"MATRICULADO","MONITOR_PROGRAD":"NÃO","SEXO":"F","COR":"NÃO DECLARADO","NACIONALIDADE":"BRA","CIDADE_NAT":"GARANHUNS","UF_NAT":"PE","DEFIC":"NÃO","MOB_ACAD":"NÃO","TIPO_MOB_ACAD":"","IES_DEST":"","TIPO_MOB_ACAD_INTERNAC":"","PAIS_DEST":""},{"_id":52,"ID_DISCENTE":7491,"ANO_NASCIMENTO":1980,"PERIODO_INGRESSO":2023.1,"TIPO_INGRESSO":"VESTIBULAR","PERIODO_LETIVO":2023.1,"CAMPUS":"REITOR JOAQUIM AMAZONAS","CD_INEP":1137846,"CURSO":"MATEMÁTICA-EAD","CARGA_HORARIA_CURSO":3020,"TURNO":"INTEGRAL","MODALIDADE":"ENSINO A DISTANCIA","COTAS":"AC","ESCOLA_PUBLICA":"NÃO INFORMADO","BLS_ASSIST":"NÃO","DS_TP_SIT_ACAD":"MATRICULADO","MONITOR_PROGRAD":"NÃO","SEXO":"M","COR":"PARDA","NACIONALIDADE":"BRA","CIDADE_NAT":"RECIFE","UF_NAT":"PE","DEFIC":"NÃO","MOB_ACAD":"NÃO","TIPO_MOB_ACAD":"","IES_DEST":"","TIPO_MOB_ACAD_INTERNAC":"","PAIS_DEST":""},{"_id":53,"ID_DISCENTE":7499,"ANO_NASCIMENTO":1974,"PERIODO_INGRESSO":2022.1,"TIPO_INGRESSO":"SISU","PERIODO_LETIVO":2023.1,"CAMPUS":"REITOR JOAQUIM AMAZONAS","CD_INEP":13575,"CURSO":"CIÊNCIAS SOCIAIS - BACHARELADO","CARGA_HORARIA_CURSO":2370,"TURNO":"TARDE","MODALIDADE":"PRESENCIAL","COTAS":"AC","ESCOLA_PUBLICA":"SIM","BLS_ASSIST":"NÃO","DS_TP_SIT_ACAD":"MATRICULADO","MONITOR_PROGRAD":"NÃO","SEXO":"M","COR":"","NACIONALIDADE":"BRA","CIDADE_NAT":"MACEIÓ","UF_NAT":"AL","DEFIC":"NÃO","MOB_ACAD":"NÃO","TIPO_MOB_ACAD":"","IES_DEST":"","TIPO_MOB_ACAD_INTERNAC":"","PAIS_DEST":""},{"_id":54,"ID_DISCENTE":7501,"ANO_NASCIMENTO":1972,"PERIODO_INGRESSO":2021.1,"TIPO_INGRESSO":"DIPLOMADO","PERIODO_LETIVO":2023.1,"CAMPUS":"REITOR JOAQUIM AMAZONAS","CD_INEP":21847,"CURSO":"CIÊNCIAS SOCIAIS - LICENCIATURA","CARGA_HORARIA_CURSO":2310,"TURNO":"NOITE","MODALIDADE":"PRESENCIAL","COTAS":"AC","ESCOLA_PUBLICA":"NÃO INFORMADO","BLS_ASSIST":"NÃO","DS_TP_SIT_ACAD":"MATRICULADO","MONITOR_PROGRAD":"NÃO","SEXO":"M","COR":"NÃO DECLARADO","NACIONALIDADE":"BRA","CIDADE_NAT":"BARREIROS","UF_NAT":"PE","DEFIC":"NÃO","MOB_ACAD":"NÃO","TIPO_MOB_ACAD":"","IES_DEST":"","TIPO_MOB_ACAD_INTERNAC":"","PAIS_DEST":""},{"_id":55,"ID_DISCENTE":7627,"ANO_NASCIMENTO":1977,"PERIODO_INGRESSO":2021.1,"TIPO_INGRESSO":"VESTIBULAR","PERIODO_LETIVO":2023.1,"CAMPUS":"VITORIA","CD_INEP":1579738,"CURSO":"CIÊNCIAS BIOLÓGICAS-LICENCIATURA-EAD","CARGA_HORARIA_CURSO":3517,"TURNO":"INTEGRAL","MODALIDADE":"ENSINO A DISTANCIA","COTAS":"AC","ESCOLA_PUBLICA":"NÃO INFORMADO","BLS_ASSIST":"NÃO","DS_TP_SIT_ACAD":"MATRICULADO","MONITOR_PROGRAD":"NÃO","SEXO":"F","COR":"BRANCA","NACIONALIDADE":"BRA","CIDADE_NAT":"RECIFE","UF_NAT":"PE","DEFIC":"NÃO","MOB_ACAD":"NÃO","TIPO_MOB_ACAD":"","IES_DEST":"","TIPO_MOB_ACAD_INTERNAC":"","PAIS_DEST":""},{"_id":56,"ID_DISCENTE":7659,"ANO_NASCIMENTO":1979,"PERIODO_INGRESSO":2018.2,"TIPO_INGRESSO":"SISU","PERIODO_LETIVO":2023.1,"CAMPUS":"REITOR JOAQUIM AMAZONAS","CD_INEP":13580,"CURSO":"PEDAGOGIA","CARGA_HORARIA_CURSO":3210,"TURNO":"TARDE","MODALIDADE":"PRESENCIAL","COTAS":"AC","ESCOLA_PUBLICA":"SIM","BLS_ASSIST":"NÃO","DS_TP_SIT_ACAD":"MATRICULADO","MONITOR_PROGRAD":"SIM","SEXO":"M","COR":"NÃO DECLARADO","NACIONALIDADE":"BRA","CIDADE_NAT":"CAMARAGIBE","UF_NAT":"PE","DEFIC":"NÃO","MOB_ACAD":"NÃO","TIPO_MOB_ACAD":"","IES_DEST":"","TIPO_MOB_ACAD_INTERNAC":"","PAIS_DEST":""},{"_id":57,"ID_DISCENTE":7737,"ANO_NASCIMENTO":1975,"PERIODO_INGRESSO":2021.1,"TIPO_INGRESSO":"DIPLOMADO","PERIODO_LETIVO":2023.1,"CAMPUS":"REITOR JOAQUIM AMAZONAS","CD_INEP":13585,"CURSO":"ENGENHARIA ELETRÔNICA","CARGA_HORARIA_CURSO":3660,"TURNO":"INTEGRAL","MODALIDADE":"PRESENCIAL","COTAS":"AC","ESCOLA_PUBLICA":"NÃO INFORMADO","BLS_ASSIST":"NÃO","DS_TP_SIT_ACAD":"DESVINCULADO","MONITOR_PROGRAD":"NÃO","SEXO":"M","COR":"PARDA","NACIONALIDADE":"BRA","CIDADE_NAT":"RECIFE","UF_NAT":"PE","DEFIC":"NÃO","MOB_ACAD":"NÃO","TIPO_MOB_ACAD":"","IES_DEST":"","TIPO_MOB_ACAD_INTERNAC":"","PAIS_DEST":""},{"_id":58,"ID_DISCENTE":7737,"ANO_NASCIMENTO":1975,"PERIODO_INGRESSO":2023.1,"TIPO_INGRESSO":"VESTIBULAR","PERIODO_LETIVO":2023.1,"CAMPUS":"REITOR JOAQUIM AMAZONAS","CD_INEP":1330038,"CURSO":"GEOGRAFIA - EAD","CARGA_HORARIA_CURSO":3170,"TURNO":"INTEGRAL","MODALIDADE":"ENSINO A DISTANCIA","COTAS":"AC","ESCOLA_PUBLICA":"NÃO INFORMADO","BLS_ASSIST":"NÃO","DS_TP_SIT_ACAD":"MATRICULADO","MONITOR_PROGRAD":"NÃO","SEXO":"M","COR":"PARDA","NACIONALIDADE":"BRA","CIDADE_NAT":"RECIFE","UF_NAT":"PE","DEFIC":"NÃO","MOB_ACAD":"NÃO","TIPO_MOB_ACAD":"","IES_DEST":"","TIPO_MOB_ACAD_INTERNAC":"","PAIS_DEST":""},{"_id":59,"ID_DISCENTE":8136,"ANO_NASCIMENTO":1977,"PERIODO_INGRESSO":2016.2,"TIPO_INGRESSO":"SISU","PERIODO_LETIVO":2023.1,"CAMPUS":"REITOR JOAQUIM AMAZONAS","CD_INEP":13576,"CURSO":"DIREITO","CARGA_HORARIA_CURSO":3300,"TURNO":"NOITE","MODALIDADE":"PRESENCIAL","COTAS":"L6","ESCOLA_PUBLICA":"SIM","BLS_ASSIST":"NÃO","DS_TP_SIT_ACAD":"MATRICULADO","MONITOR_PROGRAD":"NÃO","SEXO":"M","COR":"PRETA","NACIONALIDADE":"BRA","CIDADE_NAT":"RECIFE","UF_NAT":"PE","DEFIC":"NÃO","MOB_ACAD":"NÃO","TIPO_MOB_ACAD":"","IES_DEST":"","TIPO_MOB_ACAD_INTERNAC":"","PAIS_DEST":""},{"_id":60,"ID_DISCENTE":8142,"ANO_NASCIMENTO":1967,"PERIODO_INGRESSO":2014.1,"TIPO_INGRESSO":"VESTIBULAR","PERIODO_LETIVO":2023.1,"CAMPUS":"REITOR JOAQUIM AMAZONAS","CD_INEP":52249,"CURSO":"GEOGRAFIA - BACHARELADO","CARGA_HORARIA_CURSO":2370,"TURNO":"TARDE","MODALIDADE":"PRESENCIAL","COTAS":"AC","ESCOLA_PUBLICA":"SIM","BLS_ASSIST":"NÃO","DS_TP_SIT_ACAD":"MATRICULADO","MONITOR_PROGRAD":"NÃO","SEXO":"M","COR":"PARDA","NACIONALIDADE":"BRA","CIDADE_NAT":"RECIFE","UF_NAT":"PE","DEFIC":"NÃO","MOB_ACAD":"NÃO","TIPO_MOB_ACAD":"","IES_DEST":"","TIPO_MOB_ACAD_INTERNAC":"","PAIS_DEST":""},{"_id":61,"ID_DISCENTE":8148,"ANO_NASCIMENTO":1978,"PERIODO_INGRESSO":2022.1,"TIPO_INGRESSO":"VESTIBULAR","PERIODO_LETIVO":2023.1,"CAMPUS":"REITOR JOAQUIM AMAZONAS","CD_INEP":121487,"CURSO":"LETRAS-LÍNGUA PORTUGUESA-EAD","CARGA_HORARIA_CURSO":3080,"TURNO":"INTEGRAL","MODALIDADE":"ENSINO A DISTANCIA","COTAS":"AC","ESCOLA_PUBLICA":"NÃO INFORMADO","BLS_ASSIST":"NÃO","DS_TP_SIT_ACAD":"DESVINCULADO","MONITOR_PROGRAD":"NÃO","SEXO":"F","COR":"","NACIONALIDADE":"BRA","CIDADE_NAT":"RECIFE","UF_NAT":"PE","DEFIC":"NÃO","MOB_ACAD":"NÃO","TIPO_MOB_ACAD":"","IES_DEST":"","TIPO_MOB_ACAD_INTERNAC":"","PAIS_DEST":""},{"_id":62,"ID_DISCENTE":8439,"ANO_NASCIMENTO":1980,"PERIODO_INGRESSO":2023.1,"TIPO_INGRESSO":"VESTIBULAR","PERIODO_LETIVO":2023.1,"CAMPUS":"REITOR JOAQUIM AMAZONAS","CD_INEP":1137847,"CURSO":"LETRAS-LÍNGUA ESPANHOLA-EAD","CARGA_HORARIA_CURSO":2895,"TURNO":"INTEGRAL","MODALIDADE":"ENSINO A DISTANCIA","COTAS":"L5","ESCOLA_PUBLICA":"NÃO INFORMADO","BLS_ASSIST":"NÃO","DS_TP_SIT_ACAD":"MATRICULADO","MONITOR_PROGRAD":"NÃO","SEXO":"F","COR":"","NACIONALIDADE":"BRA","CIDADE_NAT":"ITAPEVI","UF_NAT":"SP","DEFIC":"NÃO","MOB_ACAD":"NÃO","TIPO_MOB_ACAD":"","IES_DEST":"","TIPO_MOB_ACAD_INTERNAC":"","PAIS_DEST":""},{"_id":63,"ID_DISCENTE":8543,"ANO_NASCIMENTO":1972,"PERIODO_INGRESSO":2021.2,"TIPO_INGRESSO":"SISU","PERIODO_LETIVO":2023.1,"CAMPUS":"REITOR JOAQUIM AMAZONAS","CD_INEP":13598,"CURSO":"EDUCAÇÃO FÍSICA","CARGA_HORARIA_CURSO":3255,"TURNO":"INTEGRAL","MODALIDADE":"PRESENCIAL","COTAS":"AC","ESCOLA_PUBLICA":"SIM","BLS_ASSIST":"NÃO","DS_TP_SIT_ACAD":"MATRICULADO","MONITOR_PROGRAD":"SIM","SEXO":"F","COR":"PARDA","NACIONALIDADE":"BRA","CIDADE_NAT":"IPOJUCA","UF_NAT":"PE","DEFIC":"NÃO","MOB_ACAD":"NÃO","TIPO_MOB_ACAD":"","IES_DEST":"","TIPO_MOB_ACAD_INTERNAC":"","PAIS_DEST":""},{"_id":64,"ID_DISCENTE":9012,"ANO_NASCIMENTO":1969,"PERIODO_INGRESSO":2001.2,"TIPO_INGRESSO":"VESTIBULAR","PERIODO_LETIVO":2023.1,"CAMPUS":"REITOR JOAQUIM AMAZONAS","CD_INEP":13572,"CURSO":"ADMINISTRAÇÃO","CARGA_HORARIA_CURSO":3030,"TURNO":"MANHA","MODALIDADE":"PRESENCIAL","COTAS":"AC","ESCOLA_PUBLICA":"NÃO INFORMADO","BLS_ASSIST":"NÃO","DS_TP_SIT_ACAD":"TRANCAMENTO","MONITOR_PROGRAD":"NÃO","SEXO":"M","COR":"BRANCA","NACIONALIDADE":"BRA","CIDADE_NAT":"RIO DE JANEIRO","UF_NAT":"RJ","DEFIC":"NÃO","MOB_ACAD":"NÃO","TIPO_MOB_ACAD":"","IES_DEST":"","TIPO_MOB_ACAD_INTERNAC":"","PAIS_DEST":""},{"_id":65,"ID_DISCENTE":9049,"ANO_NASCIMENTO":1980,"PERIODO_INGRESSO":2001.2,"TIPO_INGRESSO":"VESTIBULAR","PERIODO_LETIVO":2023.1,"CAMPUS":"REITOR JOAQUIM AMAZONAS","CD_INEP":18474,"CURSO":"HOTELARIA","CARGA_HORARIA_CURSO":3121,"TURNO":"INTEGRAL","MODALIDADE":"PRESENCIAL","COTAS":"AC","ESCOLA_PUBLICA":"NÃO INFORMADO","BLS_ASSIST":"NÃO","DS_TP_SIT_ACAD":"MATRICULADO","MONITOR_PROGRAD":"NÃO","SEXO":"M","COR":"BRANCA","NACIONALIDADE":"BRA","CIDADE_NAT":"SÃO PAULO","UF_NAT":"SP","DEFIC":"NÃO","MOB_ACAD":"NÃO","TIPO_MOB_ACAD":"","IES_DEST":"","TIPO_MOB_ACAD_INTERNAC":"","PAIS_DEST":""},{"_id":66,"ID_DISCENTE":9094,"ANO_NASCIMENTO":1982,"PERIODO_INGRESSO":2021.2,"TIPO_INGRESSO":"SISU","PERIODO_LETIVO":2023.1,"CAMPUS":"REITOR JOAQUIM AMAZONAS","CD_INEP":13576,"CURSO":"DIREITO","CARGA_HORARIA_CURSO":3300,"TURNO":"NOITE","MODALIDADE":"PRESENCIAL","COTAS":"L5","ESCOLA_PUBLICA":"SIM","BLS_ASSIST":"NÃO","DS_TP_SIT_ACAD":"MATRICULADO","MONITOR_PROGRAD":"SIM","SEXO":"M","COR":"NÃO DECLARADO","NACIONALIDADE":"BRA","CIDADE_NAT":"RECIFE","UF_NAT":"PE","DEFIC":"NÃO","MOB_ACAD":"NÃO","TIPO_MOB_ACAD":"","IES_DEST":"","TIPO_MOB_ACAD_INTERNAC":"","PAIS_DEST":""},{"_id":67,"ID_DISCENTE":9285,"ANO_NASCIMENTO":1983,"PERIODO_INGRESSO":2021.1,"TIPO_INGRESSO":"SISU","PERIODO_LETIVO":2023.1,"CAMPUS":"REITOR JOAQUIM AMAZONAS","CD_INEP":13580,"CURSO":"PEDAGOGIA","CARGA_HORARIA_CURSO":3210,"TURNO":"NOITE","MODALIDADE":"PRESENCIAL","COTAS":"AC","ESCOLA_PUBLICA":"SIM","BLS_ASSIST":"NÃO","DS_TP_SIT_ACAD":"MATRICULADO","MONITOR_PROGRAD":"NÃO","SEXO":"F","COR":"BRANCA","NACIONALIDADE":"BRA","CIDADE_NAT":"RECIFE","UF_NAT":"PE","DEFIC":"NÃO","MOB_ACAD":"NÃO","TIPO_MOB_ACAD":"","IES_DEST":"","TIPO_MOB_ACAD_INTERNAC":"","PAIS_DEST":""},{"_id":68,"ID_DISCENTE":10002,"ANO_NASCIMENTO":1975,"PERIODO_INGRESSO":2023.1,"TIPO_INGRESSO":"VESTIBULAR","PERIODO_LETIVO":2023.1,"CAMPUS":"REITOR JOAQUIM AMAZONAS","CD_INEP":0,"CURSO":"HISTÓRIA - EAD","CARGA_HORARIA_CURSO":3889,"TURNO":"INTEGRAL","MODALIDADE":"ENSINO A DISTANCIA","COTAS":"AC","ESCOLA_PUBLICA":"NÃO INFORMADO","BLS_ASSIST":"NÃO","DS_TP_SIT_ACAD":"MATRICULADO","MONITOR_PROGRAD":"NÃO","SEXO":"F","COR":"","NACIONALIDADE":"BRA","CIDADE_NAT":"PETROLINA","UF_NAT":"PE","DEFIC":"NÃO","MOB_ACAD":"NÃO","TIPO_MOB_ACAD":"","IES_DEST":"","TIPO_MOB_ACAD_INTERNAC":"","PAIS_DEST":""},{"_id":69,"ID_DISCENTE":10465,"ANO_NASCIMENTO":1975,"PERIODO_INGRESSO":1996.2,"TIPO_INGRESSO":"VESTIBULAR","PERIODO_LETIVO":2023.1,"CAMPUS":"REITOR JOAQUIM AMAZONAS","CD_INEP":13581,"CURSO":"SERVIÇO SOCIAL","CARGA_HORARIA_CURSO":3100,"TURNO":"TARDE","MODALIDADE":"PRESENCIAL","COTAS":"AC","ESCOLA_PUBLICA":"NÃO INFORMADO","BLS_ASSIST":"NÃO","DS_TP_SIT_ACAD":"MATRICULADO","MONITOR_PROGRAD":"NÃO","SEXO":"F","COR":"PARDA","NACIONALIDADE":"BRA","CIDADE_NAT":"RECIFE","UF_NAT":"PE","DEFIC":"NÃO","MOB_ACAD":"NÃO","TIPO_MOB_ACAD":"","IES_DEST":"","TIPO_MOB_ACAD_INTERNAC":"","PAIS_DEST":""},{"_id":70,"ID_DISCENTE":10705,"ANO_NASCIMENTO":1979,"PERIODO_INGRESSO":2017.1,"TIPO_INGRESSO":"SISU","PERIODO_LETIVO":2023.1,"CAMPUS":"REITOR JOAQUIM AMAZONAS","CD_INEP":13575,"CURSO":"CIÊNCIAS SOCIAIS - BACHARELADO","CARGA_HORARIA_CURSO":2370,"TURNO":"TARDE","MODALIDADE":"PRESENCIAL","COTAS":"AC","ESCOLA_PUBLICA":"SIM","BLS_ASSIST":"NÃO","DS_TP_SIT_ACAD":"MATRICULADO","MONITOR_PROGRAD":"NÃO","SEXO":"F","COR":"NÃO DECLARADO","NACIONALIDADE":"BRA","CIDADE_NAT":"RECIFE","UF_NAT":"PE","DEFIC":"NÃO","MOB_ACAD":"NÃO","TIPO_MOB_ACAD":"","IES_DEST":"","TIPO_MOB_ACAD_INTERNAC":"","PAIS_DEST":""},{"_id":71,"ID_DISCENTE":11191,"ANO_NASCIMENTO":1980,"PERIODO_INGRESSO":2022.1,"TIPO_INGRESSO":"DIPLOMADO","PERIODO_LETIVO":2023.1,"CAMPUS":"REITOR JOAQUIM AMAZONAS","CD_INEP":13604,"CURSO":"MÚSICA - LICENCIATURA","CARGA_HORARIA_CURSO":2430,"TURNO":"INTEGRAL","MODALIDADE":"PRESENCIAL","COTAS":"AC","ESCOLA_PUBLICA":"NÃO INFORMADO","BLS_ASSIST":"NÃO","DS_TP_SIT_ACAD":"MATRICULADO","MONITOR_PROGRAD":"NÃO","SEXO":"M","COR":"NÃO DECLARADO","NACIONALIDADE":"BRA","CIDADE_NAT":"RECIFE","UF_NAT":"PE","DEFIC":"NÃO","MOB_ACAD":"NÃO","TIPO_MOB_ACAD":"","IES_DEST":"","TIPO_MOB_ACAD_INTERNAC":"","PAIS_DEST":""},{"_id":72,"ID_DISCENTE":11248,"ANO_NASCIMENTO":1972,"PERIODO_INGRESSO":2023.1,"TIPO_INGRESSO":"VESTIBULAR","PERIODO_LETIVO":2023.1,"CAMPUS":"REITOR JOAQUIM AMAZONAS","CD_INEP":121487,"CURSO":"LETRAS-LÍNGUA PORTUGUESA-EAD","CARGA_HORARIA_CURSO":3080,"TURNO":"INTEGRAL","MODALIDADE":"ENSINO A DISTANCIA","COTAS":"AC","ESCOLA_PUBLICA":"NÃO INFORMADO","BLS_ASSIST":"NÃO","DS_TP_SIT_ACAD":"MATRICULADO","MONITOR_PROGRAD":"NÃO","SEXO":"M","COR":"NÃO DECLARADO","NACIONALIDADE":"BRA","CIDADE_NAT":"LIMOEIRO","UF_NAT":"PE","DEFIC":"NÃO","MOB_ACAD":"NÃO","TIPO_MOB_ACAD":"","IES_DEST":"","TIPO_MOB_ACAD_INTERNAC":"","PAIS_DEST":""},{"_id":73,"ID_DISCENTE":11806,"ANO_NASCIMENTO":1974,"PERIODO_INGRESSO":2023.1,"TIPO_INGRESSO":"VESTIBULAR","PERIODO_LETIVO":2023.1,"CAMPUS":"VITORIA","CD_INEP":1579738,"CURSO":"CIÊNCIAS BIOLÓGICAS-LICENCIATURA-EAD","CARGA_HORARIA_CURSO":3517,"TURNO":"INTEGRAL","MODALIDADE":"ENSINO A DISTANCIA","COTAS":"AC","ESCOLA_PUBLICA":"NÃO INFORMADO","BLS_ASSIST":"NÃO","DS_TP_SIT_ACAD":"MATRICULADO","MONITOR_PROGRAD":"NÃO","SEXO":"M","COR":"PARDA","NACIONALIDADE":"BRA","CIDADE_NAT":"RECIFE","UF_NAT":"PE","DEFIC":"NÃO","MOB_ACAD":"NÃO","TIPO_MOB_ACAD":"","IES_DEST":"","TIPO_MOB_ACAD_INTERNAC":"","PAIS_DEST":""},{"_id":74,"ID_DISCENTE":11820,"ANO_NASCIMENTO":1962,"PERIODO_INGRESSO":2020.2,"TIPO_INGRESSO":"SISU","PERIODO_LETIVO":2023.1,"CAMPUS":"REITOR JOAQUIM AMAZONAS","CD_INEP":13576,"CURSO":"DIREITO","CARGA_HORARIA_CURSO":3300,"TURNO":"MANHA","MODALIDADE":"PRESENCIAL","COTAS":"L2","ESCOLA_PUBLICA":"SIM","BLS_ASSIST":"NÃO","DS_TP_SIT_ACAD":"MATRICULADO","MONITOR_PROGRAD":"NÃO","SEXO":"M","COR":"PRETA","NACIONALIDADE":"BRA","CIDADE_NAT":"RECIFE","UF_NAT":"PE","DEFIC":"NÃO","MOB_ACAD":"NÃO","TIPO_MOB_ACAD":"","IES_DEST":"","TIPO_MOB_ACAD_INTERNAC":"","PAIS_DEST":""},{"_id":75,"ID_DISCENTE":11957,"ANO_NASCIMENTO":1971,"PERIODO_INGRESSO":2013.1,"TIPO_INGRESSO":"VESTIBULAR","PERIODO_LETIVO":2023.1,"CAMPUS":"REITOR JOAQUIM AMAZONAS","CD_INEP":13589,"CURSO":"FÍSICA - BACHARELADO","CARGA_HORARIA_CURSO":2560,"TURNO":"INTEGRAL","MODALIDADE":"PRESENCIAL","COTAS":"AC","ESCOLA_PUBLICA":"SIM","BLS_ASSIST":"NÃO","DS_TP_SIT_ACAD":"MATRICULADO","MONITOR_PROGRAD":"NÃO","SEXO":"M","COR":"NÃO DECLARADO","NACIONALIDADE":"BRA","CIDADE_NAT":"OLINDA","UF_NAT":"PE","DEFIC":"NÃO","MOB_ACAD":"NÃO","TIPO_MOB_ACAD":"","IES_DEST":"","TIPO_MOB_ACAD_INTERNAC":"","PAIS_DEST":""},{"_id":76,"ID_DISCENTE":12211,"ANO_NASCIMENTO":1978,"PERIODO_INGRESSO":2022.2,"TIPO_INGRESSO":"SISU","PERIODO_LETIVO":2023.1,"CAMPUS":"REITOR JOAQUIM AMAZONAS","CD_INEP":13579,"CURSO":"HISTÓRIA - LICENCIATURA","CARGA_HORARIA_CURSO":2830,"TURNO":"NOITE","MODALIDADE":"PRESENCIAL","COTAS":"AC","ESCOLA_PUBLICA":"SIM","BLS_ASSIST":"NÃO","DS_TP_SIT_ACAD":"DESVINCULADO","MONITOR_PROGRAD":"NÃO","SEXO":"M","COR":"","NACIONALIDADE":"BRA","CIDADE_NAT":"RECIFE","UF_NAT":"PE","DEFIC":"NÃO","MOB_ACAD":"NÃO","TIPO_MOB_ACAD":"","IES_DEST":"","TIPO_MOB_ACAD_INTERNAC":"","PAIS_DEST":""},{"_id":77,"ID_DISCENTE":12264,"ANO_NASCIMENTO":1982,"PERIODO_INGRESSO":2023.1,"TIPO_INGRESSO":"SISU","PERIODO_LETIVO":2023.1,"CAMPUS":"REITOR JOAQUIM AMAZONAS","CD_INEP":13602,"CURSO":"NUTRIÇÃO","CARGA_HORARIA_CURSO":3855,"TURNO":"INTEGRAL","MODALIDADE":"PRESENCIAL","COTAS":"AC","ESCOLA_PUBLICA":"SIM","BLS_ASSIST":"NÃO","DS_TP_SIT_ACAD":"DESLIGAMENTO","MONITOR_PROGRAD":"NÃO","SEXO":"M","COR":"NÃO DECLARADO","NACIONALIDADE":"BRA","CIDADE_NAT":"RECIFE","UF_NAT":"PE","DEFIC":"NÃO","MOB_ACAD":"NÃO","TIPO_MOB_ACAD":"","IES_DEST":"","TIPO_MOB_ACAD_INTERNAC":"","PAIS_DEST":""},{"_id":78,"ID_DISCENTE":12404,"ANO_NASCIMENTO":1972,"PERIODO_INGRESSO":2015.1,"TIPO_INGRESSO":"SISU","PERIODO_LETIVO":2023.1,"CAMPUS":"REITOR JOAQUIM AMAZONAS","CD_INEP":52249,"CURSO":"GEOGRAFIA - BACHARELADO","CARGA_HORARIA_CURSO":2370,"TURNO":"TARDE","MODALIDADE":"PRESENCIAL","COTAS":"AC","ESCOLA_PUBLICA":"SIM","BLS_ASSIST":"NÃO","DS_TP_SIT_ACAD":"DESVINCULADO","MONITOR_PROGRAD":"NÃO","SEXO":"M","COR":"PARDA","NACIONALIDADE":"BRA","CIDADE_NAT":"RECIFE","UF_NAT":"PE","DEFIC":"NÃO","MOB_ACAD":"NÃO","TIPO_MOB_ACAD":"","IES_DEST":"","TIPO_MOB_ACAD_INTERNAC":"","PAIS_DEST":""},{"_id":79,"ID_DISCENTE":12464,"ANO_NASCIMENTO":1964,"PERIODO_INGRESSO":2023.1,"TIPO_INGRESSO":"SISU","PERIODO_LETIVO":2023.1,"CAMPUS":"REITOR JOAQUIM AMAZONAS","CD_INEP":13609,"CURSO":"BIBLIOTECONOMIA","CARGA_HORARIA_CURSO":2745,"TURNO":"TARDE","MODALIDADE":"PRESENCIAL","COTAS":"AC","ESCOLA_PUBLICA":"SIM","BLS_ASSIST":"NÃO","DS_TP_SIT_ACAD":"DESLIGAMENTO","MONITOR_PROGRAD":"NÃO","SEXO":"M","COR":"","NACIONALIDADE":"BRA","CIDADE_NAT":"GOIÂNIA","UF_NAT":"GO","DEFIC":"NÃO","MOB_ACAD":"NÃO","TIPO_MOB_ACAD":"","IES_DEST":"","TIPO_MOB_ACAD_INTERNAC":"","PAIS_DEST":""},{"_id":80,"ID_DISCENTE":12522,"ANO_NASCIMENTO":1981,"PERIODO_INGRESSO":2021.1,"TIPO_INGRESSO":"DIPLOMADO","PERIODO_LETIVO":2023.1,"CAMPUS":"REITOR JOAQUIM AMAZONAS","CD_INEP":13580,"CURSO":"PEDAGOGIA","CARGA_HORARIA_CURSO":3210,"TURNO":"NOITE","MODALIDADE":"PRESENCIAL","COTAS":"AC","ESCOLA_PUBLICA":"NÃO INFORMADO","BLS_ASSIST":"NÃO","DS_TP_SIT_ACAD":"MATRICULADO","MONITOR_PROGRAD":"NÃO","SEXO":"F","COR":"PARDA","NACIONALIDADE":"BRA","CIDADE_NAT":"RECIFE","UF_NAT":"PE","DEFIC":"NÃO","MOB_ACAD":"NÃO","TIPO_MOB_ACAD":"","IES_DEST":"","TIPO_MOB_ACAD_INTERNAC":"","PAIS_DEST":""},{"_id":81,"ID_DISCENTE":12525,"ANO_NASCIMENTO":1973,"PERIODO_INGRESSO":2014.1,"TIPO_INGRESSO":"VESTIBULAR","PERIODO_LETIVO":2023.1,"CAMPUS":"REITOR JOAQUIM AMAZONAS","CD_INEP":13580,"CURSO":"PEDAGOGIA","CARGA_HORARIA_CURSO":3210,"TURNO":"MANHA","MODALIDADE":"PRESENCIAL","COTAS":"AC","ESCOLA_PUBLICA":"SIM","BLS_ASSIST":"NÃO","DS_TP_SIT_ACAD":"MATRICULADO","MONITOR_PROGRAD":"NÃO","SEXO":"F","COR":"BRANCA","NACIONALIDADE":"BRA","CIDADE_NAT":"RECIFE","UF_NAT":"PE","DEFIC":"NÃO","MOB_ACAD":"NÃO","TIPO_MOB_ACAD":"","IES_DEST":"","TIPO_MOB_ACAD_INTERNAC":"","PAIS_DEST":""},{"_id":82,"ID_DISCENTE":12602,"ANO_NASCIMENTO":1962,"PERIODO_INGRESSO":2021.1,"TIPO_INGRESSO":"SISU","PERIODO_LETIVO":2023.1,"CAMPUS":"REITOR JOAQUIM AMAZONAS","CD_INEP":13619,"CURSO":"MATEMÁTICA - LICENCIATURA","CARGA_HORARIA_CURSO":2370,"TURNO":"NOITE","MODALIDADE":"PRESENCIAL","COTAS":"AC","ESCOLA_PUBLICA":"SIM","BLS_ASSIST":"NÃO","DS_TP_SIT_ACAD":"MATRICULADO","MONITOR_PROGRAD":"NÃO","SEXO":"M","COR":"BRANCA","NACIONALIDADE":"BRA","CIDADE_NAT":"RECIFE","UF_NAT":"PE","DEFIC":"NÃO","MOB_ACAD":"NÃO","TIPO_MOB_ACAD":"","IES_DEST":"","TIPO_MOB_ACAD_INTERNAC":"","PAIS_DEST":""},{"_id":83,"ID_DISCENTE":12625,"ANO_NASCIMENTO":1983,"PERIODO_INGRESSO":2016.2,"TIPO_INGRESSO":"SISU","PERIODO_LETIVO":2023.1,"CAMPUS":"REITOR JOAQUIM AMAZONAS","CD_INEP":21847,"CURSO":"CIÊNCIAS SOCIAIS - LICENCIATURA","CARGA_HORARIA_CURSO":2310,"TURNO":"NOITE","MODALIDADE":"PRESENCIAL","COTAS":"AC","ESCOLA_PUBLICA":"SIM","BLS_ASSIST":"NÃO","DS_TP_SIT_ACAD":"MATRICULADO","MONITOR_PROGRAD":"NÃO","SEXO":"M","COR":"BRANCA","NACIONALIDADE":"BRA","CIDADE_NAT":"RECIFE","UF_NAT":"PE","DEFIC":"NÃO","MOB_ACAD":"NÃO","TIPO_MOB_ACAD":"","IES_DEST":"","TIPO_MOB_ACAD_INTERNAC":"","PAIS_DEST":""},{"_id":84,"ID_DISCENTE":12710,"ANO_NASCIMENTO":1970,"PERIODO_INGRESSO":2002.1,"TIPO_INGRESSO":"VESTIBULAR","PERIODO_LETIVO":2023.1,"CAMPUS":"REITOR JOAQUIM AMAZONAS","CD_INEP":13576,"CURSO":"DIREITO","CARGA_HORARIA_CURSO":3300,"TURNO":"NOITE","MODALIDADE":"PRESENCIAL","COTAS":"AC","ESCOLA_PUBLICA":"NÃO INFORMADO","BLS_ASSIST":"NÃO","DS_TP_SIT_ACAD":"MATRICULADO","MONITOR_PROGRAD":"NÃO","SEXO":"M","COR":"PARDA","NACIONALIDADE":"BRA","CIDADE_NAT":"RECIFE","UF_NAT":"PE","DEFIC":"NÃO","MOB_ACAD":"NÃO","TIPO_MOB_ACAD":"","IES_DEST":"","TIPO_MOB_ACAD_INTERNAC":"","PAIS_DEST":""},{"_id":85,"ID_DISCENTE":12721,"ANO_NASCIMENTO":1981,"PERIODO_INGRESSO":2023.1,"TIPO_INGRESSO":"SISU","PERIODO_LETIVO":2023.1,"CAMPUS":"REITOR JOAQUIM AMAZONAS","CD_INEP":13577,"CURSO":"FILOSOFIA-LICENCIATURA","CARGA_HORARIA_CURSO":2910,"TURNO":"TARDE","MODALIDADE":"PRESENCIAL","COTAS":"AC","ESCOLA_PUBLICA":"SIM","BLS_ASSIST":"NÃO","DS_TP_SIT_ACAD":"MATRICULADO","MONITOR_PROGRAD":"NÃO","SEXO":"M","COR":"NÃO DECLARADO","NACIONALIDADE":"BRA","CIDADE_NAT":"CARUARU","UF_NAT":"PE","DEFIC":"NÃO","MOB_ACAD":"NÃO","TIPO_MOB_ACAD":"","IES_DEST":"","TIPO_MOB_ACAD_INTERNAC":"","PAIS_DEST":""},{"_id":86,"ID_DISCENTE":12784,"ANO_NASCIMENTO":1973,"PERIODO_INGRESSO":2019.1,"TIPO_INGRESSO":"SISU","PERIODO_LETIVO":2023.1,"CAMPUS":"REITOR JOAQUIM AMAZONAS","CD_INEP":13573,"CURSO":"CIÊNCIAS CONTÁBEIS","CARGA_HORARIA_CURSO":3000,"TURNO":"NOITE","MODALIDADE":"PRESENCIAL","COTAS":"AC","ESCOLA_PUBLICA":"NÃO INFORMADO","BLS_ASSIST":"NÃO","DS_TP_SIT_ACAD":"MATRICULADO","MONITOR_PROGRAD":"NÃO","SEXO":"F","COR":"NÃO DECLARADO","NACIONALIDADE":"BRA","CIDADE_NAT":"RECIFE","UF_NAT":"PE","DEFIC":"NÃO","MOB_ACAD":"NÃO","TIPO_MOB_ACAD":"","IES_DEST":"","TIPO_MOB_ACAD_INTERNAC":"","PAIS_DEST":""},{"_id":87,"ID_DISCENTE":12790,"ANO_NASCIMENTO":1983,"PERIODO_INGRESSO":2022.1,"TIPO_INGRESSO":"SISU","PERIODO_LETIVO":2023.1,"CAMPUS":"VITORIA","CD_INEP":1189922,"CURSO":"SAÚDE COLETIVA - CAV","CARGA_HORARIA_CURSO":3000,"TURNO":"NOITE","MODALIDADE":"PRESENCIAL","COTAS":"AC","ESCOLA_PUBLICA":"SIM","BLS_ASSIST":"NÃO","DS_TP_SIT_ACAD":"MATRICULADO","MONITOR_PROGRAD":"NÃO","SEXO":"F","COR":"PRETA","NACIONALIDADE":"BRA","CIDADE_NAT":"RECIFE","UF_NAT":"PE","DEFIC":"NÃO","MOB_ACAD":"NÃO","TIPO_MOB_ACAD":"","IES_DEST":"","TIPO_MOB_ACAD_INTERNAC":"","PAIS_DEST":""},{"_id":88,"ID_DISCENTE":12916,"ANO_NASCIMENTO":1983,"PERIODO_INGRESSO":2022.1,"TIPO_INGRESSO":"VESTIBULAR","PERIODO_LETIVO":2023.1,"CAMPUS":"REITOR JOAQUIM AMAZONAS","CD_INEP":1330038,"CURSO":"GEOGRAFIA - EAD","CARGA_HORARIA_CURSO":3170,"TURNO":"INTEGRAL","MODALIDADE":"ENSINO A DISTANCIA","COTAS":"AC","ESCOLA_PUBLICA":"NÃO INFORMADO","BLS_ASSIST":"NÃO","DS_TP_SIT_ACAD":"DESVINCULADO","MONITOR_PROGRAD":"NÃO","SEXO":"M","COR":"","NACIONALIDADE":"BRA","CIDADE_NAT":"RECIFE","UF_NAT":"PE","DEFIC":"NÃO","MOB_ACAD":"NÃO","TIPO_MOB_ACAD":"","IES_DEST":"","TIPO_MOB_ACAD_INTERNAC":"","PAIS_DEST":""},{"_id":89,"ID_DISCENTE":13014,"ANO_NASCIMENTO":1965,"PERIODO_INGRESSO":2017.2,"TIPO_INGRESSO":"SISU","PERIODO_LETIVO":2023.1,"CAMPUS":"REITOR JOAQUIM AMAZONAS","CD_INEP":13573,"CURSO":"CIÊNCIAS CONTÁBEIS","CARGA_HORARIA_CURSO":3000,"TURNO":"NOITE","MODALIDADE":"PRESENCIAL","COTAS":"L2","ESCOLA_PUBLICA":"SIM","BLS_ASSIST":"NÃO","DS_TP_SIT_ACAD":"MATRICULADO","MONITOR_PROGRAD":"NÃO","SEXO":"M","COR":"PARDA","NACIONALIDADE":"BRA","CIDADE_NAT":"RECIFE","UF_NAT":"PE","DEFIC":"NÃO","MOB_ACAD":"NÃO","TIPO_MOB_ACAD":"","IES_DEST":"","TIPO_MOB_ACAD_INTERNAC":"","PAIS_DEST":""},{"_id":90,"ID_DISCENTE":13073,"ANO_NASCIMENTO":1973,"PERIODO_INGRESSO":2021.1,"TIPO_INGRESSO":"DIPLOMADO","PERIODO_LETIVO":2023.1,"CAMPUS":"REITOR JOAQUIM AMAZONAS","CD_INEP":117378,"CURSO":"CIÊNCIA POLÍTICA","CARGA_HORARIA_CURSO":2520,"TURNO":"INTEGRAL","MODALIDADE":"PRESENCIAL","COTAS":"AC","ESCOLA_PUBLICA":"NÃO INFORMADO","BLS_ASSIST":"NÃO","DS_TP_SIT_ACAD":"MATRICULADO","MONITOR_PROGRAD":"NÃO","SEXO":"M","COR":"BRANCA","NACIONALIDADE":"BRA","CIDADE_NAT":"BONITO","UF_NAT":"PE","DEFIC":"NÃO","MOB_ACAD":"NÃO","TIPO_MOB_ACAD":"","IES_DEST":"","TIPO_MOB_ACAD_INTERNAC":"","PAIS_DEST":""},{"_id":91,"ID_DISCENTE":13348,"ANO_NASCIMENTO":1968,"PERIODO_INGRESSO":2016.1,"TIPO_INGRESSO":"SISU","PERIODO_LETIVO":2023.1,"CAMPUS":"REITOR JOAQUIM AMAZONAS","CD_INEP":313577,"CURSO":"FILOSOFIA-BACHARELADO","CARGA_HORARIA_CURSO":2490,"TURNO":"TARDE","MODALIDADE":"PRESENCIAL","COTAS":"AC","ESCOLA_PUBLICA":"SIM","BLS_ASSIST":"NÃO","DS_TP_SIT_ACAD":"MATRICULADO","MONITOR_PROGRAD":"NÃO","SEXO":"M","COR":"BRANCA","NACIONALIDADE":"BRA","CIDADE_NAT":"RECIFE","UF_NAT":"PE","DEFIC":"NÃO","MOB_ACAD":"NÃO","TIPO_MOB_ACAD":"","IES_DEST":"","TIPO_MOB_ACAD_INTERNAC":"","PAIS_DEST":""},{"_id":92,"ID_DISCENTE":13381,"ANO_NASCIMENTO":1976,"PERIODO_INGRESSO":2019.2,"TIPO_INGRESSO":"SISU","PERIODO_LETIVO":2023.1,"CAMPUS":"REITOR JOAQUIM AMAZONAS","CD_INEP":13625,"CURSO":"TURISMO","CARGA_HORARIA_CURSO":3000,"TURNO":"NOITE","MODALIDADE":"PRESENCIAL","COTAS":"AC","ESCOLA_PUBLICA":"SIM","BLS_ASSIST":"NÃO","DS_TP_SIT_ACAD":"MATRICULADO","MONITOR_PROGRAD":"NÃO","SEXO":"M","COR":"BRANCA","NACIONALIDADE":"BRA","CIDADE_NAT":"SÃO PAULO","UF_NAT":"SP","DEFIC":"NÃO","MOB_ACAD":"NÃO","TIPO_MOB_ACAD":"","IES_DEST":"","TIPO_MOB_ACAD_INTERNAC":"","PAIS_DEST":""},{"_id":93,"ID_DISCENTE":13600,"ANO_NASCIMENTO":1976,"PERIODO_INGRESSO":2022.1,"TIPO_INGRESSO":"DIPLOMADO","PERIODO_LETIVO":2023.1,"CAMPUS":"REITOR JOAQUIM AMAZONAS","CD_INEP":13594,"CURSO":"ESTATÍSTICA","CARGA_HORARIA_CURSO":2580,"TURNO":"INTEGRAL","MODALIDADE":"PRESENCIAL","COTAS":"AC","ESCOLA_PUBLICA":"NÃO INFORMADO","BLS_ASSIST":"NÃO","DS_TP_SIT_ACAD":"MATRICULADO","MONITOR_PROGRAD":"NÃO","SEXO":"M","COR":"","NACIONALIDADE":"BRA","CIDADE_NAT":"RECIFE","UF_NAT":"PE","DEFIC":"NÃO","MOB_ACAD":"NÃO","TIPO_MOB_ACAD":"","IES_DEST":"","TIPO_MOB_ACAD_INTERNAC":"","PAIS_DEST":""},{"_id":94,"ID_DISCENTE":13645,"ANO_NASCIMENTO":1969,"PERIODO_INGRESSO":2022.1,"TIPO_INGRESSO":"SISU","PERIODO_LETIVO":2023.1,"CAMPUS":"REITOR JOAQUIM AMAZONAS","CD_INEP":13594,"CURSO":"ESTATÍSTICA","CARGA_HORARIA_CURSO":2580,"TURNO":"INTEGRAL","MODALIDADE":"PRESENCIAL","COTAS":"AC","ESCOLA_PUBLICA":"SIM","BLS_ASSIST":"NÃO","DS_TP_SIT_ACAD":"MATRICULADO","MONITOR_PROGRAD":"NÃO","SEXO":"M","COR":"PARDA","NACIONALIDADE":"BRA","CIDADE_NAT":"RECIFE","UF_NAT":"PE","DEFIC":"NÃO","MOB_ACAD":"NÃO","TIPO_MOB_ACAD":"","IES_DEST":"","TIPO_MOB_ACAD_INTERNAC":"","PAIS_DEST":""},{"_id":95,"ID_DISCENTE":13745,"ANO_NASCIMENTO":1971,"PERIODO_INGRESSO":2018.1,"TIPO_INGRESSO":"SISU","PERIODO_LETIVO":2023.1,"CAMPUS":"REITOR JOAQUIM AMAZONAS","CD_INEP":13573,"CURSO":"CIÊNCIAS CONTÁBEIS","CARGA_HORARIA_CURSO":3000,"TURNO":"NOITE","MODALIDADE":"PRESENCIAL","COTAS":"AC","ESCOLA_PUBLICA":"NÃO INFORMADO","BLS_ASSIST":"NÃO","DS_TP_SIT_ACAD":"MATRICULADO","MONITOR_PROGRAD":"NÃO","SEXO":"F","COR":"BRANCA","NACIONALIDADE":"BRA","CIDADE_NAT":"RECIFE","UF_NAT":"PE","DEFIC":"NÃO","MOB_ACAD":"NÃO","TIPO_MOB_ACAD":"","IES_DEST":"","TIPO_MOB_ACAD_INTERNAC":"","PAIS_DEST":""},{"_id":96,"ID_DISCENTE":13754,"ANO_NASCIMENTO":1975,"PERIODO_INGRESSO":2022.1,"TIPO_INGRESSO":"DIPLOMADO","PERIODO_LETIVO":2023.1,"CAMPUS":"REITOR JOAQUIM AMAZONAS","CD_INEP":52231,"CURSO":"GEOGRAFIA - LICENCIATURA","CARGA_HORARIA_CURSO":2520,"TURNO":"MANHA","MODALIDADE":"PRESENCIAL","COTAS":"AC","ESCOLA_PUBLICA":"NÃO INFORMADO","BLS_ASSIST":"NÃO","DS_TP_SIT_ACAD":"MATRICULADO","MONITOR_PROGRAD":"NÃO","SEXO":"M","COR":"","NACIONALIDADE":"BRA","CIDADE_NAT":"RECIFE","UF_NAT":"PE","DEFIC":"NÃO","MOB_ACAD":"NÃO","TIPO_MOB_ACAD":"","IES_DEST":"","TIPO_MOB_ACAD_INTERNAC":"","PAIS_DEST":""},{"_id":97,"ID_DISCENTE":13775,"ANO_NASCIMENTO":1975,"PERIODO_INGRESSO":2021.1,"TIPO_INGRESSO":"DIPLOMADO","PERIODO_LETIVO":2023.1,"CAMPUS":"REITOR JOAQUIM AMAZONAS","CD_INEP":117378,"CURSO":"CIÊNCIA POLÍTICA","CARGA_HORARIA_CURSO":2520,"TURNO":"INTEGRAL","MODALIDADE":"PRESENCIAL","COTAS":"AC","ESCOLA_PUBLICA":"NÃO INFORMADO","BLS_ASSIST":"NÃO","DS_TP_SIT_ACAD":"MATRICULADO","MONITOR_PROGRAD":"NÃO","SEXO":"M","COR":"PARDA","NACIONALIDADE":"BRA","CIDADE_NAT":"RECIFE","UF_NAT":"PE","DEFIC":"NÃO","MOB_ACAD":"NÃO","TIPO_MOB_ACAD":"","IES_DEST":"","TIPO_MOB_ACAD_INTERNAC":"","PAIS_DEST":""},{"_id":98,"ID_DISCENTE":13805,"ANO_NASCIMENTO":1968,"PERIODO_INGRESSO":2022.1,"TIPO_INGRESSO":"DIPLOMADO","PERIODO_LETIVO":2023.1,"CAMPUS":"REITOR JOAQUIM AMAZONAS","CD_INEP":117388,"CURSO":"MUSEOLOGIA","CARGA_HORARIA_CURSO":2400,"TURNO":"NOITE","MODALIDADE":"PRESENCIAL","COTAS":"AC","ESCOLA_PUBLICA":"NÃO INFORMADO","BLS_ASSIST":"NÃO","DS_TP_SIT_ACAD":"MATRICULADO","MONITOR_PROGRAD":"NÃO","SEXO":"F","COR":"BRANCA","NACIONALIDADE":"BRA","CIDADE_NAT":"RIO DE JANEIRO","UF_NAT":"RJ","DEFIC":"NÃO","MOB_ACAD":"NÃO","TIPO_MOB_ACAD":"","IES_DEST":"","TIPO_MOB_ACAD_INTERNAC":"","PAIS_DEST":""},{"_id":99,"ID_DISCENTE":13912,"ANO_NASCIMENTO":1978,"PERIODO_INGRESSO":2022.2,"TIPO_INGRESSO":"SISU","PERIODO_LETIVO":2023.1,"CAMPUS":"REITOR JOAQUIM AMAZONAS","CD_INEP":13579,"CURSO":"HISTÓRIA - LICENCIATURA","CARGA_HORARIA_CURSO":2830,"TURNO":"NOITE","MODALIDADE":"PRESENCIAL","COTAS":"AC","ESCOLA_PUBLICA":"SIM","BLS_ASSIST":"NÃO","DS_TP_SIT_ACAD":"DESVINCULADO","MONITOR_PROGRAD":"NÃO","SEXO":"M","COR":"","NACIONALIDADE":"BRA","CIDADE_NAT":"RECIFE","UF_NAT":"PE","DEFIC":"NÃO","MOB_ACAD":"NÃO","TIPO_MOB_ACAD":"","IES_DEST":"","TIPO_MOB_ACAD_INTERNAC":"","PAIS_DEST":""},{"_id":100,"ID_DISCENTE":13915,"ANO_NASCIMENTO":1965,"PERIODO_INGRESSO":2023.1,"TIPO_INGRESSO":"ISOLADO","PERIODO_LETIVO":2023.1,"CAMPUS":"REITOR JOAQUIM AMAZONAS","CD_INEP":0,"CURSO":"ISOLADAS","CARGA_HORARIA_CURSO":0,"TURNO":"INTEGRAL","MODALIDADE":"PRESENCIAL","COTAS":"AC","ESCOLA_PUBLICA":"NÃO INFORMADO","BLS_ASSIST":"NÃO","DS_TP_SIT_ACAD":"MATRICULADO","MONITOR_PROGRAD":"NÃO","SEXO":"F","COR":"NÃO DECLARADO","NACIONALIDADE":"BRA","CIDADE_NAT":"RECIFE","UF_NAT":"PE","DEFIC":"NÃO","MOB_ACAD":"NÃO","TIPO_MOB_ACAD":"","IES_DEST":"","TIPO_MOB_ACAD_INTERNAC":"","PAIS_DEST":""}], "limit": 100, "_links": {"start": "/api/3/action/datastore_search?resource_id=2f2907f5-70a2-4a22-b24b-1f6f0546e3b8", "next": "/api/3/action/datastore_search?offset=100&resource_id=2f2907f5-70a2-4a22-b24b-1f6f0546e3b8"}, "total": 36737, "total_estimation_threshold": null}}